{"id":69259,"date":"2021-04-24T22:16:46","date_gmt":"2021-04-25T03:16:46","guid":{"rendered":"https:\/\/radiowebmx.com\/nota\/?p=69259"},"modified":"2021-04-24T22:16:46","modified_gmt":"2021-04-25T03:16:46","slug":"ofrece-macarena-chavez-respaldo-absoluto-a-las-mujeres-michoacanas","status":"publish","type":"post","link":"https:\/\/radiowebmx.com\/nota\/ofrece-macarena-chavez-respaldo-absoluto-a-las-mujeres-michoacanas\/","title":{"rendered":"Ofrece Macarena Ch\u00e1vez respaldo absoluto a las mujeres michoacanas"},"content":{"rendered":"<p><strong>Legislar\u00e1 para que vivan una vida libre de violencia y con ellos puedan desarrollarse personal y profesionalmente<\/strong><\/p>\n<p>Lagunillas, Mich., a 24 de abril de 2021.-La candidata a diputada federal de la coalici\u00f3n Va por M\u00e9xico del Distrito 11, Macarena Ch\u00e1vez, se comprometi\u00f3 a legislar desde el Congreso de la Uni\u00f3n para que las mujeres vivan una vida libre de violencia y con ello puedan desarrollarse plenamente en el \u00e1mbito profesional y personal.<\/p>\n<p>\u201cNo podemos permitir que en el pa\u00eds mueran 10 mujeres al d\u00eda. Para erradicar esta terrible violencia contra nosotras trabajar\u00e9 para que se recuperen al menos 14 programas que desaparecieron el gobierno de Morena y sus diputados, mismos que estaban enfocados en la prevenci\u00f3n y atenci\u00f3n de la violencia.<\/p>\n<p>Al reunirse con mujeres de los municipios de Lagunillas y Acuitzio del Canje, Macarena Ch\u00e1vez destac\u00f3 que se deben recuperar las estancias infantiles en Michoac\u00e1n y en M\u00e9xico, pues luego que el gobierno de Morena desapareciera el programa en todo el pa\u00eds fue un duro golpe a millones de madres trabajadoras que ahora no tienen un lugar seguro en d\u00f3nde dejar a sus hijas e hijos.<\/p>\n<p>A\u00f1adi\u00f3 que a pesar que en Michoac\u00e1n 6 de cada 10 egresadas de licenciatura son mujeres, solo 4 logran conseguir trabajo. Por ello, dio a conocer que promover\u00e1 desde la C\u00e1mara de Diputados programas de emprendimiento y empoderamiento que nos permita a las mujeres desarrollarnos plenamente en el \u00e1mbito profesional y alcanzar un mejor estilo de vida.<\/p>\n<p>\u201cEs el tiempo de las mujeres y no las voy a dejar solas. Aunque muchas mujeres hemos logrado superar obst\u00e1culos y ocupar espacios importantes de decisi\u00f3n, muchas otras siguen padeciendo discriminaci\u00f3n en su contra y solo juntas podremos lograr que hombres y mujeres tengamos un trato justo y equitativo.<\/p>\n","protected":false},"excerpt":{"rendered":"<p>Legislar\u00e1 para que vivan una vida libre de violencia y con ellos puedan desarrollarse personal y profesionalmente Lagunillas, Mich., a 24 de abril de 2021.-La candidata a diputada federal de la coalici\u00f3n Va por M\u00e9xico del Distrito 11, Macarena Ch\u00e1vez, se comprometi\u00f3 a legislar desde el Congreso de la Uni\u00f3n para que las mujeres vivan [&hellip;]<\/p>\n","protected":false},"author":2,"featured_media":69260,"comment_status":"closed","ping_status":"closed","sticky":false,"template":"","format":"standard","meta":{"footnotes":""},"categories":[1],"tags":[],"class_list":["post-69259","post","type-post","status-publish","format-standard","has-post-thumbnail","hentry","category-sin-categoria"],"_links":{"self":[{"href":"https:\/\/radiowebmx.com\/nota\/wp-json\/wp\/v2\/posts\/69259","targetHints":{"allow":["GET"]}}],"collection":[{"href":"https:\/\/radiowebmx.com\/nota\/wp-json\/wp\/v2\/posts"}],"about":[{"href":"https:\/\/radiowebmx.com\/nota\/wp-json\/wp\/v2\/types\/post"}],"author":[{"embeddable":true,"href":"https:\/\/radiowebmx.com\/nota\/wp-json\/wp\/v2\/users\/2"}],"replies":[{"embeddable":true,"href":"https:\/\/radiowebmx.com\/nota\/wp-json\/wp\/v2\/comments?post=69259"}],"version-history":[{"count":1,"href":"https:\/\/radiowebmx.com\/nota\/wp-json\/wp\/v2\/posts\/69259\/revisions"}],"predecessor-version":[{"id":69261,"href":"https:\/\/radiowebmx.com\/nota\/wp-json\/wp\/v2\/posts\/69259\/revisions\/69261"}],"wp:featuredmedia":[{"embeddable":true,"href":"https:\/\/radiowebmx.com\/nota\/wp-json\/wp\/v2\/media\/69260"}],"wp:attachment":[{"href":"https:\/\/radiowebmx.com\/nota\/wp-json\/wp\/v2\/media?parent=69259"}],"wp:term":[{"taxonomy":"category","embeddable":true,"href":"https:\/\/radiowebmx.com\/nota\/wp-json\/wp\/v2\/categories?post=69259"},{"taxonomy":"post_tag","embeddable":true,"href":"https:\/\/radiowebmx.com\/nota\/wp-json\/wp\/v2\/tags?post=69259"}],"curies":[{"name":"wp","href":"https:\/\/api.w.org\/{rel}","templated":true}]}}