{"id":69256,"date":"2021-04-24T21:55:41","date_gmt":"2021-04-25T02:55:41","guid":{"rendered":"https:\/\/radiowebmx.com\/nota\/?p=69256"},"modified":"2021-04-24T21:55:41","modified_gmt":"2021-04-25T02:55:41","slug":"temas-de-cafe-914","status":"publish","type":"post","link":"https:\/\/radiowebmx.com\/nota\/temas-de-cafe-914\/","title":{"rendered":"TEMAS DE CAF\u00c9"},"content":{"rendered":"<div dir=\"auto\"><em><strong>\u2022 \u00bfLE HARAN CASO AL VATICANO?<\/strong><\/em><\/div>\n<div dir=\"auto\"><em><strong>\u2022 MORENA EL VIEJO PRI: MADRAZO<\/strong><\/em><\/div>\n<div dir=\"auto\"><em><strong>\u2022 LOS MORENOS CONTRA EL YEYO<\/strong><\/em><\/div>\n<div dir=\"auto\"><em><strong>\u2022 IVAN PEREZ NEGRON: \u00bfVALORES?<\/strong><\/em><\/div>\n<div dir=\"auto\"><em>Por Juan Manuel BELMONTE<\/em><\/div>\n<div dir=\"auto\">La Tierra Caliente Michoacana siempre ha generado problemas de seguridad, en otras ocasiones le hemos comentado la tarea encomendada al general, Salvador Rangel Medina de limpiar de maleantes la regi\u00f3n de la tierra michoacana, en la d\u00e9cada de los sesentas los pormenores los puede usted encontrar, en el libro El General sin Memoria de Juan Veled\u00edaz de la editorial Debate, pero de acuerdo a la estrategia de hoy aplicada por la Cuarta Transformaci\u00f3n, de abrazos y balazos en contra del crimen organizado, no ha funcionado bien en el pa\u00eds por lo que se han empezado a generar zonas muertas, donde los gobiernos federal, estatal y municipal no tienen poder o mando alguno por ello ha tenido que intervenir la Iglesia Cat\u00f3lica, directamente en esta ocasi\u00f3n El Vaticano apetici\u00f3n del Obispo de la Di\u00f3cesis de Apatzing\u00e1n, Crist\u00f3bal Crescencio Garc\u00eda lo que no sabemos a\u00fan es qu\u00e9 tanto tiene que ver la administraci\u00f3n federal.<\/div>\n<div dir=\"auto\">FRANCO COPPOLA, VIENE A TRAER LA PAZ<\/div>\n<div dir=\"auto\">Hist\u00f3ricamente en M\u00e9xico la Iglesia Cat\u00f3lica ha estado siempre de lado de los poderosos, pero en esta ocasi\u00f3n su relaci\u00f3n con el poder presidencial, encabezado por Andr\u00e9s Manuel L\u00f3pez Obrador, no est\u00e1 muy bien y no son de ahora las diferencias vienen desde hace tiempo, desde que Amlo era jefe de Gobierno de la CDMX, pero al margen de todo esto los analistas consideran la presencia del Nuncio Apost\u00f3lico, como un serio reproche primero obvio a los Obispos, pero desde luego tambi\u00e9n a las autoridades p\u00fablicas que no han querido, o podido controlar la inseguridad generada por los grupos de la delincuencia organizada.<\/div>\n<div dir=\"auto\">FRANCO COPPOLA LES LEY\u00d3 LA CARTILLA<\/div>\n<div dir=\"auto\">Hace solamente unos d\u00edas se realiz\u00f3 la asamblea del Episcopado Mexicano, en donde el Nuncio les ley\u00f3 la cartilla y entre otras les dijo, que su ministerio se hab\u00eda convertido en un desastre, afirmando que los obispos estaban c\u00f3modamente sentados en sus curias, en sus oficinas en una en un ambiente bien cuidado, y ese no es su trabajo, y agreg\u00f3 que los obispos no hac\u00edan nada por la comunidad pastoral.<\/div>\n<div dir=\"auto\">EL PRELADO MEXICANO ES MUNDANO: FRANCISCO<\/div>\n<div dir=\"auto\">El Papa Francisco desde que visit\u00f3 Morelia hace algunos a\u00f1os realiz\u00f3 fuertes cr\u00edticas a la Iglesia, y ahora hace solamente unos d\u00edas el Papa Francisco, en el aniversario del Colegio P\u00edo Mexicano en Roma, dijo que el prelado mexicano estaba inmerso en la mundanidad, les dijo que estaban como en la \u00e9poca de los papas concubinarios, los de la \u00e9poca de Los Borgias y que estaban llenos de relaciones incestuosas.<\/div>\n<div dir=\"auto\">MICHOACAN EN PROCESO ELECTORAL<\/div>\n<div dir=\"auto\">La verdad no queremos ver fantasmas en donde no los debe haber, pero en Michoac\u00e1n hoy est\u00e1 en pleno proceso electoral, para elegir no solamente al gobernador, tambi\u00e9n a las autoridades de los 112 municipios, el congreso estatal y federal no es un proceso cualquiera, pero no encontramos a qui\u00e9n puedan beneficiar estas acciones, por lo que tenemos que creer que es en beneficio de la gente, que ya est\u00e1 cansada de la violencia y quiere vivir en paz. Pero es un fuerte llamado de atenci\u00f3n a las autoridades federales y estatales.<\/div>\n<div dir=\"auto\">LA HISTORIA INTERMINABLE: ROBERTO MADRAZO<\/div>\n<div dir=\"auto\">Pendamos primero comentarles el libro de Roger Bartra, El Regreso a la Jaula, el fracaso de Andr\u00e9s Manuel y lo haremos en uno de estos d\u00edas, pero hoy es mejor el de Roberto Madrazo por varias razones, primero porque ambos fueron priistas en su momento, porque ambos son de Tabasco y porque a Roberto le toc\u00f3 vivir el PRI, de los a\u00f1os sesenta que es en donde se ubica el mundo de Andr\u00e9s Manuel, en donde todo se manejaba desde Los Pinos, ahora es desde Palacio Nacional.<\/div>\n<div dir=\"auto\">Hoy afirma Roberto Madrazo quien vivi\u00f3 toda su vida en el PRI, la actual administraci\u00f3n federal camina hacia el pasado, por lo que M\u00e9xico se encuentra enfilado hacia el desastre en el caso de no hacer nada, para cambiar las cosas y restablecer el Estado de Derecho, y de equilibrio entre los poderes porque hoy lo que tenemos que hacer, es fortalecer el Estado de Derecho y dejar de fortalecer al presidente.<\/div>\n<div dir=\"auto\">EN LOS SESENTAS SE AGOTO EL ISTEMA PRIISTA<\/div>\n<div dir=\"auto\">Roberto Madrazo deja bien claro en su libro que el sistema pol\u00edtico mexicano, se agot\u00f3 en los sesentas por eso todo empez\u00f3 a cambiar en el pa\u00eds, pero hoy Andr\u00e9s Manuel hace todo lo posible para regresar a M\u00e9xico a los a\u00f1os sesentas, cuando era el gobierno era de un solo hombre sobre el cual giraban todas las cosas, justo como ahora lo hace la Cuarta Transformaci\u00f3n, gira en torno de Andr\u00e9s Manuel.<\/div>\n<div dir=\"auto\">LOS MICHOACANOS YA DESPERTARON: HERRERA<\/div>\n<div dir=\"auto\">En su periplo de Carlos Herrera candidato del Equipo por Michoac\u00e1n, afirm\u00f3 categ\u00f3ricamente que los michoacanos ya despertaron, y se est\u00e1n dando cuenta quienes les quitaron el seguro popular, las medicinas para los ni\u00f1os con c\u00e1ncer, las guarder\u00edas, los comederos comunitarios, los recursos del Fonden por ello tanto incendio forestal, y los responsables tiene nombre y apellido y hoy muchos quiere reelegirse, y otros buscan presidencias municipales como Iv\u00e1n P\u00e9rez Negr\u00f3n.<\/div>\n<div dir=\"auto\">Quien vot\u00f3 por todo lo anterior y hoy habla de valores, cuando se gan\u00f3 la candidatura a la alcald\u00eda de Morelia apoyado, todas las iniciativas enviadas al Congreso por el presidente de M\u00e9xico, con la instrucci\u00f3n de no cambiarles ni una coma y esa docilidad legislativa de Iv\u00e1n, fue lo que hizo que se ganara la candidatura a la presidencia municipal de Morelia, y hoy de los candidatos a la presidencia municipal es el que ha iniciado peor su campa\u00f1a.<\/div>\n<div dir=\"auto\">EL MEJOR INICIO EL DE MEMO VALENCIA<\/div>\n<div dir=\"auto\">Desde luego el mejor inicio de campa\u00f1a hasta ahora fue el de Guillermo Valencia, a quien no se le debe descartar como ganador de la contienda, porque Iv\u00e1n hasta ahora no ha demostrado traer nada importante, salvo la marca que a\u00fan tiene peso pol\u00edtico pero lo pierde cada d\u00eda, con lo esc\u00e1ndalos sexuales de sus candidatos de F\u00e9lix, del hermano de Ricardo Monreal y del diputado poblano por abusos a ni\u00f1os.<\/div>\n<div dir=\"auto\">LA SOBERBIA PUEDE VOLVER A PERDER A ALFONSO<\/div>\n<div dir=\"auto\">Alfonso Mart\u00ednez su principal defecto es que ya se siente alcalde de Morelia, y est\u00e1 cayendo en la soberbia porque se le est\u00e1n acercando diversos grupos para brindarle su apoyo, pero no ofrece nada a cambio y la pol\u00edtica no es as\u00ed, debe haber compromisos y hasta ahora solamente los escucha, y esa soberbia fue la que le hizo perder simpat\u00edas cuando fue alcalde de Morelia. Alfonso debe recordar que los dioses griegos cuando quer\u00edan perder a los hombres, los volv\u00edan soberbios y listo. Adem\u00e1s si los morelianos empiezan a realizar una evaluaci\u00f3n de su trabajo como alcalde, hay m\u00e1s negativos que positivos.<\/div>\n<div dir=\"auto\">ASAMBLEA DE BASES MORENISTAS, MOLESTA<\/div>\n<div dir=\"auto\">Los integrantes de la Asamblea de Bases Morenistas de Michoac\u00e1n, se encuentran muy molestos por la p\u00e9sima intervenci\u00f3n del Yeyo, de Mario Delgado y de Leonel Godoy a quienes responsabilizan, de la mayor\u00eda de las decisiones err\u00f3neas que se han tomado, dejando fuera de las candidaturas a la mayor\u00eda de los integrantes de las expresiones, de Morena en la entidad a tal grado que le han enviado decir al presidente de M\u00e9xico, Andr\u00e9s Manuel L\u00f3pez Obrador que la Cuarta Transformaci\u00f3n no llegar\u00e1 a Michoac\u00e1n, porque no van a votar por sus candidatos porque en su mayor\u00eda son oportunistas y chapulines.<\/div>\n<div dir=\"auto\">MARIA DE LA LUZ DIPUTADA PLURINOMINAL<\/div>\n<div dir=\"auto\">Entre las acciones justas de Morena sin duda es la inclusi\u00f3n de Mar\u00eda de la Luz N\u00fa\u00f1ez, en el primer lugar de la lista plurinominal de Morena, porque en su caso se la deben porque ella fue la mujer valiente, que acept\u00f3 ser la candidata al gobierno en el primer proceso electoral, en el cual Morena particip\u00f3 en la entidad, cuando ni Mor\u00f3n ni Fabiola aceptaron el reto.<\/div>\n<div dir=\"auto\">En el segundo lugar de la lista va Alfredo Ram\u00edrez Bedolla, quien el \u00fanico m\u00e9rito que tiene es que es fundador de Morena, quien primero aspir\u00f3 a ser gobernador, despu\u00e9s presidente de Morelia y qued\u00f3 en otra vez diputado local, en tercer lugar Seyra Anah\u00ed Alem\u00e1n no la conocemos no opinamos, y en cuarto lugar Fidel Calder\u00f3n a quien la pol\u00edtica le brinda la oportunidad de empezar otra vez, esperamos no cometa los mismos errores de su inicio en la pol\u00edtica, como secretario de gobierno de Leonel Godoy Rangel.<\/div>\n","protected":false},"excerpt":{"rendered":"<p>\u2022 \u00bfLE HARAN CASO AL VATICANO? \u2022 MORENA EL VIEJO PRI: MADRAZO \u2022 LOS MORENOS CONTRA EL YEYO \u2022 IVAN PEREZ NEGRON: \u00bfVALORES? Por Juan Manuel BELMONTE La Tierra Caliente Michoacana siempre ha generado problemas de seguridad, en otras ocasiones le hemos comentado la tarea encomendada al general, Salvador Rangel Medina de limpiar de maleantes [&hellip;]<\/p>\n","protected":false},"author":2,"featured_media":69257,"comment_status":"closed","ping_status":"closed","sticky":false,"template":"","format":"standard","meta":{"footnotes":""},"categories":[1],"tags":[],"class_list":["post-69256","post","type-post","status-publish","format-standard","has-post-thumbnail","hentry","category-sin-categoria"],"_links":{"self":[{"href":"https:\/\/radiowebmx.com\/nota\/wp-json\/wp\/v2\/posts\/69256","targetHints":{"allow":["GET"]}}],"collection":[{"href":"https:\/\/radiowebmx.com\/nota\/wp-json\/wp\/v2\/posts"}],"about":[{"href":"https:\/\/radiowebmx.com\/nota\/wp-json\/wp\/v2\/types\/post"}],"author":[{"embeddable":true,"href":"https:\/\/radiowebmx.com\/nota\/wp-json\/wp\/v2\/users\/2"}],"replies":[{"embeddable":true,"href":"https:\/\/radiowebmx.com\/nota\/wp-json\/wp\/v2\/comments?post=69256"}],"version-history":[{"count":1,"href":"https:\/\/radiowebmx.com\/nota\/wp-json\/wp\/v2\/posts\/69256\/revisions"}],"predecessor-version":[{"id":69258,"href":"https:\/\/radiowebmx.com\/nota\/wp-json\/wp\/v2\/posts\/69256\/revisions\/69258"}],"wp:featuredmedia":[{"embeddable":true,"href":"https:\/\/radiowebmx.com\/nota\/wp-json\/wp\/v2\/media\/69257"}],"wp:attachment":[{"href":"https:\/\/radiowebmx.com\/nota\/wp-json\/wp\/v2\/media?parent=69256"}],"wp:term":[{"taxonomy":"category","embeddable":true,"href":"https:\/\/radiowebmx.com\/nota\/wp-json\/wp\/v2\/categories?post=69256"},{"taxonomy":"post_tag","embeddable":true,"href":"https:\/\/radiowebmx.com\/nota\/wp-json\/wp\/v2\/tags?post=69256"}],"curies":[{"name":"wp","href":"https:\/\/api.w.org\/{rel}","templated":true}]}}