{"id":69102,"date":"2020-12-17T21:37:18","date_gmt":"2020-12-18T03:37:18","guid":{"rendered":"https:\/\/radiowebmx.com\/nota\/?p=69102"},"modified":"2020-12-17T21:37:18","modified_gmt":"2020-12-18T03:37:18","slug":"mesa-de-coordinacion-protegera-arribo-de-connacionales-a-michoacan-2","status":"publish","type":"post","link":"https:\/\/radiowebmx.com\/nota\/mesa-de-coordinacion-protegera-arribo-de-connacionales-a-michoacan-2\/","title":{"rendered":"Mesa de Coordinaci\u00f3n proteger\u00e1 arribo de connacionales a Michoac\u00e1n"},"content":{"rendered":"<ul>\n<li>Se cuidar\u00e1 que sean respetados sus derechos y se aplicar\u00e1n las medidas sanitarias \u00a0ante el COVID-19<\/li>\n<\/ul>\n<p><strong>Morelia, Michoac\u00e1n, a 14 de diciembre de 2020.-<\/strong>\u00a0La Mesa Estatal para la Construcci\u00f3n de la Paz proteger\u00e1 los derechos de las y los paisanos que arriben a Michoac\u00e1n durante las pr\u00f3ximas semanas. A su vez, se realizar\u00e1n protocolos sanitarios para evitar brotes de COVID-19.<\/p>\n<p>Al respecto el secretario de Gobierno, Armando Hurtado Ar\u00e9valo, manifest\u00f3 que se cuidar\u00e1 el regreso de los connacionales a territorio michoacano a trav\u00e9s del trabajo coordinado e interinstitucional.<\/p>\n<p>\u201cCuidaremos que los paisanos sean bien recibidos y evidentemente todos los protocolos sanitarios ser\u00e1n aplicados\u201d, asegur\u00f3 el encargado de la pol\u00edtica interna.<\/p>\n<p>Hurtado Ar\u00e9valo, detall\u00f3 que el operativo de protecci\u00f3n a los paisanos incluir\u00e1 puestos de informaci\u00f3n, repartici\u00f3n de tr\u00edpticos con datos sobre los derechos de los connacionales en los que tambi\u00e9n ser\u00e1n incluidos los n\u00fameros de tel\u00e9fono de las diferentes dependencias municipales, estatales y federales; adem\u00e1s de recorridos por las carreteras de mayor tr\u00e1nsito vehicular para brindar la ayuda necesaria.<\/p>\n<p>\u201cEs importante frenar la cadena de contagio por el COVID-19. Hemos estado en permanente comunicaci\u00f3n con las diferentes asociaciones de migrantes para pedirles que en la medida de lo posible celebren desde sus casas, pero tambi\u00e9n reconocemos que no podemos detener el arribo de los paisanos a Michoac\u00e1n, es por ello que hemos exhortado a los connacionales a tomar todas las medidas de prevenci\u00f3n necesarias, apegarse a las normas sanitarias y en caso de presentar cualquier s\u00edntoma de la enfermedad no viajar\u201d, pidi\u00f3 Armando Hurtado.<\/p>\n<p>En el dispositivo participar\u00e1n los elementos de la Secretar\u00eda de Seguridad P\u00fablica; de la Direcci\u00f3n General de Seguridad en Carreteras e Instalaciones; de la Guardia Nacional; y personal de la Secretar\u00eda de Salud de Michoac\u00e1n.<\/p>\n<p>En la reuni\u00f3n estuvieron presentes el coordinador de Fiscalias Regionales y Especializadas, Nicol\u00e1s Maldonado Mill\u00e1n; el subsecretario de Seguridad P\u00fablica, Ricardo Delgado Castellanos; el comandante de la 21 Zona Militar, Sergio Armando Barrera Salcedo; el comandante de la 43 Zona Militar, Dar\u00edo Avalos Pedraza; el subsecretario de Salud, Carlos Ramos Esquivel; el coordinador del Batall\u00f3n de la DGSCI de la GN en Michoac\u00e1n, Luis Emilio Salas Candelaria, entre otras autoridades estatales y federales.<\/p>\n<div id=\"gallery-1\" class=\"gallery galleryid-56400 gallery-columns-2 gallery-size-full\"><\/div>\n","protected":false},"excerpt":{"rendered":"<p>Se cuidar\u00e1 que sean respetados sus derechos y se aplicar\u00e1n las medidas sanitarias \u00a0ante el COVID-19 Morelia, Michoac\u00e1n, a 14 de diciembre de 2020.-\u00a0La Mesa Estatal para la Construcci\u00f3n de la Paz proteger\u00e1 los derechos de las y los paisanos que arriben a Michoac\u00e1n durante las pr\u00f3ximas semanas. A su vez, se realizar\u00e1n protocolos sanitarios [&hellip;]<\/p>\n","protected":false},"author":2,"featured_media":69103,"comment_status":"closed","ping_status":"closed","sticky":false,"template":"","format":"standard","meta":{"footnotes":""},"categories":[6],"tags":[],"class_list":["post-69102","post","type-post","status-publish","format-standard","has-post-thumbnail","hentry","category-congreso-del-estado"],"_links":{"self":[{"href":"https:\/\/radiowebmx.com\/nota\/wp-json\/wp\/v2\/posts\/69102","targetHints":{"allow":["GET"]}}],"collection":[{"href":"https:\/\/radiowebmx.com\/nota\/wp-json\/wp\/v2\/posts"}],"about":[{"href":"https:\/\/radiowebmx.com\/nota\/wp-json\/wp\/v2\/types\/post"}],"author":[{"embeddable":true,"href":"https:\/\/radiowebmx.com\/nota\/wp-json\/wp\/v2\/users\/2"}],"replies":[{"embeddable":true,"href":"https:\/\/radiowebmx.com\/nota\/wp-json\/wp\/v2\/comments?post=69102"}],"version-history":[{"count":1,"href":"https:\/\/radiowebmx.com\/nota\/wp-json\/wp\/v2\/posts\/69102\/revisions"}],"predecessor-version":[{"id":69104,"href":"https:\/\/radiowebmx.com\/nota\/wp-json\/wp\/v2\/posts\/69102\/revisions\/69104"}],"wp:featuredmedia":[{"embeddable":true,"href":"https:\/\/radiowebmx.com\/nota\/wp-json\/wp\/v2\/media\/69103"}],"wp:attachment":[{"href":"https:\/\/radiowebmx.com\/nota\/wp-json\/wp\/v2\/media?parent=69102"}],"wp:term":[{"taxonomy":"category","embeddable":true,"href":"https:\/\/radiowebmx.com\/nota\/wp-json\/wp\/v2\/categories?post=69102"},{"taxonomy":"post_tag","embeddable":true,"href":"https:\/\/radiowebmx.com\/nota\/wp-json\/wp\/v2\/tags?post=69102"}],"curies":[{"name":"wp","href":"https:\/\/api.w.org\/{rel}","templated":true}]}}