{"id":69073,"date":"2020-12-15T15:00:40","date_gmt":"2020-12-15T21:00:40","guid":{"rendered":"https:\/\/radiowebmx.com\/nota\/?p=69073"},"modified":"2020-12-15T15:00:40","modified_gmt":"2020-12-15T21:00:40","slug":"quedan-formalmente-instaladas-las-comisiones-de-procesos-internos-y-postulacion-de-candidatos-del-pri","status":"publish","type":"post","link":"https:\/\/radiowebmx.com\/nota\/quedan-formalmente-instaladas-las-comisiones-de-procesos-internos-y-postulacion-de-candidatos-del-pri\/","title":{"rendered":"Quedan formalmente instaladas las Comisiones de Procesos Internos y Postulaci\u00f3n de Candidatos del PRI"},"content":{"rendered":"<p class=\"x_MsoNormal\">De cara a la elecci\u00f3n 2021, el presidente del Partido Revolucionario Institucional (PRI) Michoac\u00e1n, Jes\u00fas Hern\u00e1ndez Pe\u00f1a, destac\u00f3 que las Comisiones de Estatales de Procesos Internos y Postulaci\u00f3n deber\u00e1n dar certeza de participaci\u00f3n con equidad a mujeres, j\u00f3venes y hombres pri\u00edstas.<\/p>\n<p class=\"x_MsoNormal\">En el marco de la instalaci\u00f3n de dichas comisiones, el dirigente pri\u00edsta tom\u00f3 protesta a los miembros de las comisiones a quienes exhort\u00f3 a asumir la importante tarea de organizar, conducir, validar y evaluar el procedimiento para la elecci\u00f3n y postulaci\u00f3n de los candidatos a los cargos de representaci\u00f3n popular.<\/p>\n<p class=\"x_MsoNormal\">En dos sesiones diferentes, los dirigentes Jes\u00fas Hern\u00e1ndez Pe\u00f1a y Roc\u00edo Luqu\u00edn Vald\u00e9s, ante el secretario t\u00e9cnico del Consejo Pol\u00edtico Estatal, Agust\u00edn Trujillo I\u00f1iguez, declararon formalmente instaladas las Comisiones de Procesos Internos y de Postulaci\u00f3n, la primera declarada en sesi\u00f3n permanente.<\/p>\n<p class=\"x_MsoNormal\">La Comisi\u00f3n Estatal de Procesos Internos, es presidida por Isrrael Abraham L\u00f3pez, quien se\u00f1al\u00f3 que con este acto de instalaci\u00f3n de la CEPI \u201cformalizamos el desarrollo de los procesos internos de selecci\u00f3n de candidatos a Gobernador, Diputados al Congreso Local y Presidentes Municipales de nuestro partido en el Estado de Michoac\u00e1n\u201d.<\/p>\n<p class=\"x_MsoNormal\">Con la presencia de los secretarios de organizaci\u00f3n, Noe Bernardino Vargas, de Operaci\u00f3n Pol\u00edtica, Oswaldo Fern\u00e1ndez y el representante ante el IEM, Diego Ch\u00e1vez, Abraham L\u00f3pez agreg\u00f3 que los tiempos actuales exigen el exacto cumplimiento de la norma en materia de paridad de g\u00e9nero, tanto vertical como horizontal en los procesos de Ayuntamientos\u00a0y Diputados al Congreso, pero adem\u00e1s un ingrediente se agrega en este proceso que es la paridad en la elecci\u00f3n de gubernaturas que habr\u00e1 de garantizar nuestro partido pol\u00edtico, y de manera interna la participaci\u00f3n de j\u00f3venes ser\u00e1 de gran importancia.<\/p>\n<p class=\"x_MsoNormal\">La CEPI qued\u00f3 integrada de la siguiente forma: Presidente, Isrrael Abraham L\u00f3pez Calder\u00f3n; Secretaria T\u00e9cnica, Alejandra M\u00e9ndez Murgia; Comisionados Propietarios, V\u00edctor Manuel Tapia Casta\u00f1eda, Edna Mart\u00ednez Nambo, Rafael Ort\u00edz P\u00e9rez, Alfonso Quintero Larios, Armando Hermay Ch\u00e1vez Ballinas, Brenda Liz Palomares M\u00e9ndez y Vanina Hern\u00e1ndez Villegas.<\/p>\n<p class=\"x_MsoNormal\">Mientras que la Comisi\u00f3n de Postulaci\u00f3n de Candidaturas est\u00e1 presidida por Carlos G\u00e1lvez Herrera, como secretaria Mar\u00eda Del Roc\u00edo Luqu\u00edn Vald\u00e9s, comisionados Hugo Contreras Zepeda, Jaime Dar\u00edo Oseguera M\u00e9ndez, Rosalba Vanegas Gardu\u00f1o, Marisol Aguilar Aguilar y Diana Carolina Tomas Flores.<\/p>\n<p class=\"x_MsoNormal\">De acuerdo a los estatutos pri\u00edstas el procedimiento por Comisi\u00f3n para la Postulaci\u00f3n de Candidaturas del nivel que corresponda es un m\u00e9todo para la postulaci\u00f3n de candidatas y candidatos a cargos legislativos federales y locales, as\u00ed como de candidaturas a la elecci\u00f3n de Ayuntamientos y Alcald\u00edas, en el caso de la Ciudad de M\u00e9xico.<\/p>\n<p class=\"x_MsoNormal\">La Comisi\u00f3n para la Postulaci\u00f3n de Candidaturas es un \u00f3rgano temporal, conformado por siete integrantes que elegir\u00e1 el Consejo Pol\u00edtico correspondiente, y tendr\u00e1 las atribuciones que establezca el reglamento de la materia.<\/p>\n<p class=\"x_MsoNormal\">Mientras que la Comisi\u00f3n Estatal de Procesos Internos es la instancia responsable de organizar, conducir y validar el procedimiento para la elecci\u00f3n de dirigentes y postulaci\u00f3n de candidaturas, se constituir\u00e1 a nivel nacional, de entidad federativa, municipal o de demarcaci\u00f3n territorial de la Ciudad de M\u00e9xico.<\/p>\n<p class=\"x_MsoNormal\">Buenas tardes, compa\u00f1eras y compa\u00f1eros integrantes de esta Comisi\u00f3n Estatal, agradezco su asistencia a esta Sesi\u00f3n de Instalaci\u00f3n de la Comisi\u00f3n Estatal de Procesos Internos que se celebra de manera presencial en la sede del Comit\u00e9 Directivo Estatal de nuestro Instituto Pol\u00edtico, con fundamento en el art\u00edculo 7 del Reglamento de la Comisi\u00f3n Nacional de Procesos Internos.<\/p>\n<p class=\"x_MsoNormal\">Con este acto de instalaci\u00f3n de la CEPI formalizamos el desarrollo de los procesos internos de selecci\u00f3n de candidatos a Gobernador, Diputados al Congreso Local y Presidentes Municipales de nuestro partido en el Estado de Michoac\u00e1n, una comisi\u00f3n integrada por distinguidos militantes que han venido demostrando capacidad, liderazgo y sobre todo solidaridad y compromiso para con nuestro partido, mi reconocimiento a cada uno de ustedes por su generosidad.<\/p>\n<p class=\"x_MsoNormal\">La tarea de organizar, conducir, dirigir validar y evaluar los procesos internos para la elecci\u00f3n de candidatos a cargos de elecci\u00f3n popular no es tarea f\u00e1cil, habr\u00e1 que aplicar puntualmente los estatus y reglamentos intrapartidarios, as\u00ed como los ordenamientos y lineamientos en materia electoral tanto federal como local.<\/p>\n<p class=\"x_MsoNormal\">Los tiempos actuales exigen el exacto cumplimiento de la norma en materia de paridad de g\u00e9nero, tanto vertical como horizontal en los procesos de Ayuntamientos y Diputados al Congreso, pero adem\u00e1s un ingrediente se agrega en este proceso que es la paridad en la elecci\u00f3n de gubernaturas que habr\u00e1 de garantizar nuestro partido pol\u00edtico, y de manera interna la participaci\u00f3n de j\u00f3venes ser\u00e1 de gran importancia.<\/p>\n<p class=\"x_MsoNormal\">El reto que hoy asumimos como CEPI nos motiva y da confianza porque sabemos del respaldo y apoyo institucional que nos brinda el Comit\u00e9 Directivo Estatal, los sectores y organizaciones as\u00ed como la dirigencia nacional por conducto de la Comisi\u00f3n Nacional de Procesos Internos con quien coadyuvaremos de manera coordinada.<\/p>\n<p class=\"x_MsoNormal\">Los miembros de \u00e9ste \u00f3rgano colegiado, agradecemos la confianza depositada para \u00e9sta responsabilidad a los miembros del Consejo Pol\u00edtico Estatal a trav\u00e9s de su Presidente el Lic. J. Jes\u00fas Hern\u00e1ndez Pe\u00f1a, a quien le reiteramos nuestro compromiso de un trabajo profesional y siempre apegado a las normas estatutarias.<\/p>\n<p class=\"x_MsoNormal\">\u00a1Muchas Gracias!<\/p>\n","protected":false},"excerpt":{"rendered":"<p>De cara a la elecci\u00f3n 2021, el presidente del Partido Revolucionario Institucional (PRI) Michoac\u00e1n, Jes\u00fas Hern\u00e1ndez Pe\u00f1a, destac\u00f3 que las Comisiones de Estatales de Procesos Internos y Postulaci\u00f3n deber\u00e1n dar certeza de participaci\u00f3n con equidad a mujeres, j\u00f3venes y hombres pri\u00edstas. En el marco de la instalaci\u00f3n de dichas comisiones, el dirigente pri\u00edsta tom\u00f3 protesta [&hellip;]<\/p>\n","protected":false},"author":2,"featured_media":69074,"comment_status":"closed","ping_status":"closed","sticky":false,"template":"","format":"standard","meta":{"footnotes":""},"categories":[1],"tags":[],"class_list":["post-69073","post","type-post","status-publish","format-standard","has-post-thumbnail","hentry","category-sin-categoria"],"_links":{"self":[{"href":"https:\/\/radiowebmx.com\/nota\/wp-json\/wp\/v2\/posts\/69073","targetHints":{"allow":["GET"]}}],"collection":[{"href":"https:\/\/radiowebmx.com\/nota\/wp-json\/wp\/v2\/posts"}],"about":[{"href":"https:\/\/radiowebmx.com\/nota\/wp-json\/wp\/v2\/types\/post"}],"author":[{"embeddable":true,"href":"https:\/\/radiowebmx.com\/nota\/wp-json\/wp\/v2\/users\/2"}],"replies":[{"embeddable":true,"href":"https:\/\/radiowebmx.com\/nota\/wp-json\/wp\/v2\/comments?post=69073"}],"version-history":[{"count":1,"href":"https:\/\/radiowebmx.com\/nota\/wp-json\/wp\/v2\/posts\/69073\/revisions"}],"predecessor-version":[{"id":69075,"href":"https:\/\/radiowebmx.com\/nota\/wp-json\/wp\/v2\/posts\/69073\/revisions\/69075"}],"wp:featuredmedia":[{"embeddable":true,"href":"https:\/\/radiowebmx.com\/nota\/wp-json\/wp\/v2\/media\/69074"}],"wp:attachment":[{"href":"https:\/\/radiowebmx.com\/nota\/wp-json\/wp\/v2\/media?parent=69073"}],"wp:term":[{"taxonomy":"category","embeddable":true,"href":"https:\/\/radiowebmx.com\/nota\/wp-json\/wp\/v2\/categories?post=69073"},{"taxonomy":"post_tag","embeddable":true,"href":"https:\/\/radiowebmx.com\/nota\/wp-json\/wp\/v2\/tags?post=69073"}],"curies":[{"name":"wp","href":"https:\/\/api.w.org\/{rel}","templated":true}]}}