{"id":69067,"date":"2020-12-15T14:55:44","date_gmt":"2020-12-15T20:55:44","guid":{"rendered":"https:\/\/radiowebmx.com\/nota\/?p=69067"},"modified":"2020-12-15T14:55:44","modified_gmt":"2020-12-15T20:55:44","slug":"presentan-prd-pri-y-pan-convenio-de-candidatura-comun-y-proyecto-ganador-ante-el-iem","status":"publish","type":"post","link":"https:\/\/radiowebmx.com\/nota\/presentan-prd-pri-y-pan-convenio-de-candidatura-comun-y-proyecto-ganador-ante-el-iem\/","title":{"rendered":"Presentan PRD, PRI y PAN, convenio de Candidatura Com\u00fan y proyecto ganador ante el IEM"},"content":{"rendered":"<div dir=\"ltr\">\n<p class=\"x_MsoNormal\">En un hecho in\u00e9dito en la historia pol\u00edtica de Michoac\u00e1n, los partidos de la Revoluci\u00f3n Democr\u00e1tica (PRD), Revolucionario Institucional (PRI) y Acci\u00f3n Nacional (PAN), presentaron hoy ante la autoridad electoral el convenio de candidatura com\u00fan al Gobierno del Estado, de cara a las elecciones del 2021.<\/p>\n<p class=\"x_MsoNormal\">Los dirigentes estatales de las tres fuerzas pol\u00edticas, V\u00edctor Manuel Manr\u00edquez Gonz\u00e1lez, Jes\u00fas Hern\u00e1ndez Pe\u00f1a y Oscar Escobar Ledesma, respectivamente, coincidieron en se\u00f1alar que el \u201cEquipo por Michoac\u00e1n\u201d constituye una fuerza ganadora.<\/p>\n<p class=\"x_MsoNormal\">\u201cPor primera vez vamos juntos por Michoac\u00e1n, hacemos equipo por Michoac\u00e1n porque no se trata de los partidos, no se trata de nosotros, sino de entender que Michoac\u00e1n nos necesita unidas y unidos para avanzar juntos ante los retos que tenemos como entidad\u201d, destacaron.<\/p>\n<p class=\"x_MsoNormal\">Los tres l\u00edderes partidistas explicaron que el 2020 ha sido un a\u00f1o dif\u00edcil y que vienen retos complejos a enfrentar, en lo econ\u00f3mico y en lo social, principalmente por el impacto de la crisis econ\u00f3mica y sanitaria.<\/p>\n<p class=\"x_MsoNormal\">En el marco de la presentaci\u00f3n ante el Instituto Electoral de Michoac\u00e1n (IEM) del Convenio de Candidatura Com\u00fan al Gobierno de Michoac\u00e1n, con el que oficializan la decisi\u00f3n de ir juntos en la postulaci\u00f3n de un candidato o candidata a Gobernador para el proceso electoral del 2021, los tres presidentes partidistas se\u00f1alaron que en este acuerdo hist\u00f3rico se establecen las l\u00edneas b\u00e1sicas para trabajar por Michoac\u00e1n.<\/p>\n<p class=\"x_MsoNormal\">El dirigente estatal del PRD, V\u00edctor Manr\u00edquez, destac\u00f3 que en este convenio se detallan los objetivos para contender en Candidatura Com\u00fan; la plataforma electoral; las aportaciones de cada partido para el financiamiento de la campa\u00f1a; los gastos de campa\u00f1a y los informes; la responsabilidad en materia de informes de campa\u00f1a; el principio de paridad de g\u00e9nero; y la propaganda electoral, entre otros aspectos.<\/p>\n<p class=\"x_MsoNormal\">\u201cMichoac\u00e1n no es azul, no es\u00a0roja, ni verde ni amarilla, Michoac\u00e1n es de todos los colores,\u00a0michoacanos\u00a0somos todas y todos. Esta candidatura com\u00fan refleja esa voluntad de que nada es m\u00e1s importante que trabajar juntos por un futuro mejor para nuestro estado\u201d, enfatiz\u00f3.<\/p>\n<p class=\"x_MsoNormal\">Por su parte el presidente del Comit\u00e9 Directivo Estatal del PRI en Michoac\u00e1n, Jes\u00fas Hern\u00e1ndez, fue enf\u00e1tico al manifestar que este \u201cEquipo por Michoac\u00e1n\u201d hoy se formaliza con responsabilidad, con una visi\u00f3n y un rumbo bien claro, en beneficio de Michoac\u00e1n y su gente.<\/p>\n<p class=\"x_MsoNormal\">\u201cEsta candidatura com\u00fan entre nuestros partidos pol\u00edticos representa una suma de visiones y esfuerzos. No vamos contra nadie, vamos por Michoac\u00e1n\u201d, expres\u00f3.<\/p>\n<p class=\"x_MsoNormal\">El presidente del PAN, Oscar Escobar, dijo que el punto central de esta fuerza ganadora es la construcci\u00f3n de una candidatura com\u00fan entre los partidos pol\u00edticos y la sociedad para construir la mejor alternativa y por ende, la mejor propuesta.<\/p>\n<p class=\"x_MsoNormal\">\u201cEstamos hablando de una propuesta que conozca de fondo las necesidades que enfrenta Michoac\u00e1n y su gente, y las ataque con determinaci\u00f3n para lograr un mejor estado\u201d, sostuvo.<\/p>\n<p class=\"x_MsoNormal\">V\u00edctor Manr\u00edquez, Jes\u00fas Hern\u00e1ndez y Oscar Escobar, expresaron que hoy, de manera formal, se da un paso decisivo en la construcci\u00f3n del mejor proyecto pol\u00edtico para Michoac\u00e1n en el 2021.<\/p>\n<p class=\"x_MsoNormal\">Adem\u00e1s, concordaron en que cada uno de los partidos cuenta con una militancia s\u00f3lida y una amplia base social, con militantes comprometidos y convencidos de que hoy lo importante es sumar esfuerzos y voluntades por un objetivo mayor que es el beneficio de Michoac\u00e1n.<\/p>\n<p class=\"x_MsoNormal\">Durante la firma de convenio estuvieron presentes los representantes de los partidos pol\u00edticos ante el Instituto Electoral de Michoac\u00e1n, Diego Romero Ch\u00e1vez, del PRI; Oscar Fernando Carbajal P\u00e9rez, del PAN y David Alejandro Morelos Bravo, del PRD.<b><\/b><\/p>\n<\/div>\n","protected":false},"excerpt":{"rendered":"<p>En un hecho in\u00e9dito en la historia pol\u00edtica de Michoac\u00e1n, los partidos de la Revoluci\u00f3n Democr\u00e1tica (PRD), Revolucionario Institucional (PRI) y Acci\u00f3n Nacional (PAN), presentaron hoy ante la autoridad electoral el convenio de candidatura com\u00fan al Gobierno del Estado, de cara a las elecciones del 2021. Los dirigentes estatales de las tres fuerzas pol\u00edticas, V\u00edctor [&hellip;]<\/p>\n","protected":false},"author":2,"featured_media":69068,"comment_status":"closed","ping_status":"closed","sticky":false,"template":"","format":"standard","meta":{"footnotes":""},"categories":[1],"tags":[],"class_list":["post-69067","post","type-post","status-publish","format-standard","has-post-thumbnail","hentry","category-sin-categoria"],"_links":{"self":[{"href":"https:\/\/radiowebmx.com\/nota\/wp-json\/wp\/v2\/posts\/69067","targetHints":{"allow":["GET"]}}],"collection":[{"href":"https:\/\/radiowebmx.com\/nota\/wp-json\/wp\/v2\/posts"}],"about":[{"href":"https:\/\/radiowebmx.com\/nota\/wp-json\/wp\/v2\/types\/post"}],"author":[{"embeddable":true,"href":"https:\/\/radiowebmx.com\/nota\/wp-json\/wp\/v2\/users\/2"}],"replies":[{"embeddable":true,"href":"https:\/\/radiowebmx.com\/nota\/wp-json\/wp\/v2\/comments?post=69067"}],"version-history":[{"count":1,"href":"https:\/\/radiowebmx.com\/nota\/wp-json\/wp\/v2\/posts\/69067\/revisions"}],"predecessor-version":[{"id":69069,"href":"https:\/\/radiowebmx.com\/nota\/wp-json\/wp\/v2\/posts\/69067\/revisions\/69069"}],"wp:featuredmedia":[{"embeddable":true,"href":"https:\/\/radiowebmx.com\/nota\/wp-json\/wp\/v2\/media\/69068"}],"wp:attachment":[{"href":"https:\/\/radiowebmx.com\/nota\/wp-json\/wp\/v2\/media?parent=69067"}],"wp:term":[{"taxonomy":"category","embeddable":true,"href":"https:\/\/radiowebmx.com\/nota\/wp-json\/wp\/v2\/categories?post=69067"},{"taxonomy":"post_tag","embeddable":true,"href":"https:\/\/radiowebmx.com\/nota\/wp-json\/wp\/v2\/tags?post=69067"}],"curies":[{"name":"wp","href":"https:\/\/api.w.org\/{rel}","templated":true}]}}