{"id":69064,"date":"2020-12-15T14:54:50","date_gmt":"2020-12-15T20:54:50","guid":{"rendered":"https:\/\/radiowebmx.com\/nota\/?p=69064"},"modified":"2020-12-15T14:54:50","modified_gmt":"2020-12-15T20:54:50","slug":"priistas-michoacanos-dan-luz-verde-para-formalizar-la-alianza-equipo-por-michoacan","status":"publish","type":"post","link":"https:\/\/radiowebmx.com\/nota\/priistas-michoacanos-dan-luz-verde-para-formalizar-la-alianza-equipo-por-michoacan\/","title":{"rendered":"Pri\u00edstas michoacanos dan luz verde para formalizar la alianza Equipo por Michoac\u00e1n"},"content":{"rendered":"<p class=\"x_MsoNormal\"><span lang=\"ES\">En el marco de la Segunda Sesi\u00f3n Extraordinaria de la Comisi\u00f3n Pol\u00edtica Permanente del Consejo Pol\u00edtico Estatal del Partido Revolucionario Institucional (PRI) en Michoac\u00e1n, se autoriz\u00f3 al dirigente estatal, Jes\u00fas Hern\u00e1ndez Pe\u00f1a, para que pueda acordar, suscribir, presentar y en su caso modificar, convenio de coalici\u00f3n con las instancias competentes de los partidos pol\u00edticos Acci\u00f3n Nacional y de la Revoluci\u00f3n Democr\u00e1tica para postular candidato a Gobernador para participar en el proceso electoral local 2020-2021 en el Estado de Michoac\u00e1n.<\/span><\/p>\n<p class=\"x_MsoNormal\"><span lang=\"ES\">De igual forma se le autoriz\u00f3 tambi\u00e9n para que pueda hacer lo propio en cuanto a la postulaci\u00f3n de candidatos o candidatas a presidentes municipales y diputados locales, con esto el pri\u00edsmo michoacano ratifica sus intenciones para generar una gran alianza, misma que tenga como epicentro el fortalecimiento de una propuesta \u00fanicamente para el beneficio de las y los michoacanos.<\/span><\/p>\n<p class=\"x_MsoNormal\">Ante la presencia del Delegado Nacional, Hugo Contreras Zepeda, el presidente del PRI en la entidad, Jes\u00fas Hern\u00e1ndez, manifest\u00f3 que los que afirman que ya existe una definici\u00f3n en quien encabezar\u00e1 la candidatura al gobierno del estado no solo se equivocan, sino que ponen en riesgo a Michoac\u00e1n, pues reiter\u00f3 que nadie lleva mano en este Equipo por Michoac\u00e1n.<\/p>\n<p class=\"x_MsoNormal\"><span lang=\"ES\">\u201cLo que si es cierto es que nosotros s\u00ed tenemos a siete gallos, son siete cuadros experimentados, comprometidos, honestos y trabajadores, con los que nuestro partido se identifica, porque en ellos est\u00e1 el reflejo de nuestra militancia, con su determinaci\u00f3n y nuestra deliberaci\u00f3n, sin lugar a dudas fortalecemos al pri\u00edsmo michoacano\u201d, asever\u00f3.<\/span><\/p>\n<p class=\"x_MsoNormal\"><span lang=\"ES\">El dirigente estatal del Revolucionario Institucional fue enf\u00e1tico al se\u00f1alar que hoy, el PRI convoca nuevamente a Michoac\u00e1n, a sus partidos pol\u00edticos, a su clase trabajadora, campesinos, organizaciones populares, a todas las mujeres, a los j\u00f3venes, a las comunidades ind\u00edgenas, sociedad civil y a toda la clase empresarial a unir esfuerzos, a juntos hacer equipo por Michoac\u00e1n e ir hacia adelante en defensa de la Rep\u00fablica.<\/span><\/p>\n<p class=\"x_MsoNormal\"><span lang=\"ES\">\u201cQue quede claro, el PRI est\u00e1 vivo y listo para representar como siempre a la mayor\u00eda de los michoacanos, para construir acuerdos, alzar la mira para no formar solamente alianzas electorales, sino gobiernos de coalici\u00f3n emanados de la pluralidad que hoy construimos en equipo. Estamos listos para hacer equipo, ganar las elecciones y servir a nuestro estado\u201d, finaliz\u00f3.<\/span><\/p>\n<p class=\"x_MsoNormal\"><span lang=\"ES\">Asistieron la reuni\u00f3n de la Comisi\u00f3n Pol\u00edtica Permanente, la secretaria general, Roc\u00edo Luqu\u00edn Vald\u00e9s y el secretario t\u00e9cnico del Consejo Pol\u00edtico Estatal, Agust\u00edn Trujillo I\u00f1iguez.<\/span><\/p>\n","protected":false},"excerpt":{"rendered":"<p>En el marco de la Segunda Sesi\u00f3n Extraordinaria de la Comisi\u00f3n Pol\u00edtica Permanente del Consejo Pol\u00edtico Estatal del Partido Revolucionario Institucional (PRI) en Michoac\u00e1n, se autoriz\u00f3 al dirigente estatal, Jes\u00fas Hern\u00e1ndez Pe\u00f1a, para que pueda acordar, suscribir, presentar y en su caso modificar, convenio de coalici\u00f3n con las instancias competentes de los partidos pol\u00edticos Acci\u00f3n [&hellip;]<\/p>\n","protected":false},"author":2,"featured_media":69065,"comment_status":"closed","ping_status":"closed","sticky":false,"template":"","format":"standard","meta":{"footnotes":""},"categories":[1],"tags":[],"class_list":["post-69064","post","type-post","status-publish","format-standard","has-post-thumbnail","hentry","category-sin-categoria"],"_links":{"self":[{"href":"https:\/\/radiowebmx.com\/nota\/wp-json\/wp\/v2\/posts\/69064","targetHints":{"allow":["GET"]}}],"collection":[{"href":"https:\/\/radiowebmx.com\/nota\/wp-json\/wp\/v2\/posts"}],"about":[{"href":"https:\/\/radiowebmx.com\/nota\/wp-json\/wp\/v2\/types\/post"}],"author":[{"embeddable":true,"href":"https:\/\/radiowebmx.com\/nota\/wp-json\/wp\/v2\/users\/2"}],"replies":[{"embeddable":true,"href":"https:\/\/radiowebmx.com\/nota\/wp-json\/wp\/v2\/comments?post=69064"}],"version-history":[{"count":1,"href":"https:\/\/radiowebmx.com\/nota\/wp-json\/wp\/v2\/posts\/69064\/revisions"}],"predecessor-version":[{"id":69066,"href":"https:\/\/radiowebmx.com\/nota\/wp-json\/wp\/v2\/posts\/69064\/revisions\/69066"}],"wp:featuredmedia":[{"embeddable":true,"href":"https:\/\/radiowebmx.com\/nota\/wp-json\/wp\/v2\/media\/69065"}],"wp:attachment":[{"href":"https:\/\/radiowebmx.com\/nota\/wp-json\/wp\/v2\/media?parent=69064"}],"wp:term":[{"taxonomy":"category","embeddable":true,"href":"https:\/\/radiowebmx.com\/nota\/wp-json\/wp\/v2\/categories?post=69064"},{"taxonomy":"post_tag","embeddable":true,"href":"https:\/\/radiowebmx.com\/nota\/wp-json\/wp\/v2\/tags?post=69064"}],"curies":[{"name":"wp","href":"https:\/\/api.w.org\/{rel}","templated":true}]}}