{"id":69060,"date":"2020-12-15T14:53:47","date_gmt":"2020-12-15T20:53:47","guid":{"rendered":"https:\/\/radiowebmx.com\/nota\/?p=69060"},"modified":"2020-12-15T14:53:47","modified_gmt":"2020-12-15T20:53:47","slug":"con-mayores-coincidencias-avanza-mesa-del-equipo-por-michoacan","status":"publish","type":"post","link":"https:\/\/radiowebmx.com\/nota\/con-mayores-coincidencias-avanza-mesa-del-equipo-por-michoacan\/","title":{"rendered":"Con mayores coincidencias avanza mesa del Equipo por Michoac\u00e1n"},"content":{"rendered":"<p class=\"x_MsoNormal\">\u00a0La mesa instalada del Equipo por Michoac\u00e1n ha venido trabajando de manera respetuosa y formal ante la construcci\u00f3n del proyecto por el estado, desde la base social y con la consulta a los michoacanos.<\/p>\n<p class=\"x_MsoNormal\">En reuni\u00f3n de trabajo los dirigentes de los tres institutos pol\u00edticos que integran \u00a0la Gran Alianza, de la Revoluci\u00f3n Democr\u00e1tica (PRD), Revolucionario Institucional (PRI) y Acci\u00f3n Nacional (PAN), han consensuado los acuerdos con una visi\u00f3n a largo plazo que le brinde certeza al estado en materia de seguridad, desarrollo econ\u00f3mico y ambiental, en base a las propuestas ciudadanas.<\/p>\n<p class=\"x_MsoNormal\">Lo primero es la sociedad, escucharla y atender sus opiniones, sin nombres ni apellidos sobre la mesa pues ese di\u00e1logo a\u00fan no se encuentra inscrito en la agenda de trabajo, sostuvieron.<\/p>\n<p class=\"x_MsoNormal\">Ante lo que priorizaron la participaci\u00f3n de los michoacanos en el sondeo activado en la plataforma web htt:\/\/<a id=\"LPlnk144284\" href=\"http:\/\/equipopormichoacan.mx\/\" target=\"_blank\" rel=\"noopener noreferrer\" data-auth=\"NotApplicable\">equipopormichoacan.mx\/<\/a><\/p>\n<p class=\"x_MsoNormal\">El Equipo por Michoac\u00e1n agradeci\u00f3 la participaci\u00f3n de la sociedad en el sondeo, su inter\u00e9s por ser parte de este cambio positivo para la entidad.<\/p>\n<p class=\"x_MsoNormal\">Estuvieron presentes los dirigentes del Partido de la Revoluci\u00f3n Democr\u00e1tica (PRD), V\u00edctor Manuel Manr\u00edquez Gonz\u00e1lez, presidente y Silvia Estrada Esquivel, secretaria general; del Partido Revolucionario Institucional (PRI), Jes\u00fas Hern\u00e1ndez Pe\u00f1a, presidente y Roc\u00edo Luqu\u00edn Vald\u00e9s, secretaria general y por el Partido Acci\u00f3n Nacional (PAN), Oscar Escobar Ledesma, presidente y Teresita Herrera, secretaria general.<\/p>\n","protected":false},"excerpt":{"rendered":"<p>\u00a0La mesa instalada del Equipo por Michoac\u00e1n ha venido trabajando de manera respetuosa y formal ante la construcci\u00f3n del proyecto por el estado, desde la base social y con la consulta a los michoacanos. En reuni\u00f3n de trabajo los dirigentes de los tres institutos pol\u00edticos que integran \u00a0la Gran Alianza, de la Revoluci\u00f3n Democr\u00e1tica (PRD), [&hellip;]<\/p>\n","protected":false},"author":2,"featured_media":69061,"comment_status":"closed","ping_status":"closed","sticky":false,"template":"","format":"standard","meta":{"footnotes":""},"categories":[1],"tags":[],"class_list":["post-69060","post","type-post","status-publish","format-standard","has-post-thumbnail","hentry","category-sin-categoria"],"_links":{"self":[{"href":"https:\/\/radiowebmx.com\/nota\/wp-json\/wp\/v2\/posts\/69060","targetHints":{"allow":["GET"]}}],"collection":[{"href":"https:\/\/radiowebmx.com\/nota\/wp-json\/wp\/v2\/posts"}],"about":[{"href":"https:\/\/radiowebmx.com\/nota\/wp-json\/wp\/v2\/types\/post"}],"author":[{"embeddable":true,"href":"https:\/\/radiowebmx.com\/nota\/wp-json\/wp\/v2\/users\/2"}],"replies":[{"embeddable":true,"href":"https:\/\/radiowebmx.com\/nota\/wp-json\/wp\/v2\/comments?post=69060"}],"version-history":[{"count":2,"href":"https:\/\/radiowebmx.com\/nota\/wp-json\/wp\/v2\/posts\/69060\/revisions"}],"predecessor-version":[{"id":69063,"href":"https:\/\/radiowebmx.com\/nota\/wp-json\/wp\/v2\/posts\/69060\/revisions\/69063"}],"wp:featuredmedia":[{"embeddable":true,"href":"https:\/\/radiowebmx.com\/nota\/wp-json\/wp\/v2\/media\/69061"}],"wp:attachment":[{"href":"https:\/\/radiowebmx.com\/nota\/wp-json\/wp\/v2\/media?parent=69060"}],"wp:term":[{"taxonomy":"category","embeddable":true,"href":"https:\/\/radiowebmx.com\/nota\/wp-json\/wp\/v2\/categories?post=69060"},{"taxonomy":"post_tag","embeddable":true,"href":"https:\/\/radiowebmx.com\/nota\/wp-json\/wp\/v2\/tags?post=69060"}],"curies":[{"name":"wp","href":"https:\/\/api.w.org\/{rel}","templated":true}]}}