{"id":69057,"date":"2020-12-15T14:52:52","date_gmt":"2020-12-15T20:52:52","guid":{"rendered":"https:\/\/radiowebmx.com\/nota\/?p=69057"},"modified":"2020-12-15T14:52:52","modified_gmt":"2020-12-15T20:52:52","slug":"presidentes-priistas-sumados-al-equipo-por-michoacan","status":"publish","type":"post","link":"https:\/\/radiowebmx.com\/nota\/presidentes-priistas-sumados-al-equipo-por-michoacan\/","title":{"rendered":"Presidentes pri\u00edstas sumados al Equipo por Michoac\u00e1n."},"content":{"rendered":"<p class=\"x_MsoNormal\">Los presidentes municipales del PRI ratificaron su compromiso de trabajo con los michoacanos y con ello su respaldo al Equipo por Michoac\u00e1n con la apuesta en su partido.<\/p>\n<p class=\"x_MsoNormal\">Encabezados por la alcaldesa de Adriana Campos Huirache, coordinadora de los presidentes municipales del PRI, ante los dirigentes Jes\u00fas Hern\u00e1ndez Pe\u00f1a y Roc\u00edo Luqu\u00edn Vald\u00e9s y el delegado del CEN, Hugo Contreras Zepeda, los municipes externaron la suma al trabajo con el Equipo por Michoac\u00e1n, adem\u00e1s de su respaldo y coordinaci\u00f3n plena con los dirigentes del PRI.<\/p>\n<p class=\"x_MsoNormal\">El presidente del CDE del PRI en la entidad, Jes\u00fas Hern\u00e1ndez Pe\u00f1a, manifest\u00f3 que \u201cMichoac\u00e1n nos ocupa unidos\u201d, por ello dijo, la alianza es social, su meta es salir adelante por nuestro estado con la mira puesta en la sociedad y no en un nombre medible.<\/p>\n<p class=\"x_MsoNormal\">En su participaci\u00f3n el delegado del CEN, Hugo Contreras, destac\u00f3 que el PRI se siente orgulloso de estar bien representado en los \u00a0municipios michoacanos. Los conmino a continuar con el trabajo ciudadano.<\/p>\n<p class=\"x_MsoNormal\">Los alcaldes pri\u00edstas, ratificaron que siempre han trabajado coordinados con su partido, ser\u00e1n institucionales y atender\u00e1n puntualmente los llamados de este instituto pol\u00edtico.<\/p>\n<p class=\"x_MsoNormal\">Externaron, que la suma de la alianza beneficiar\u00e1 a los michoacanos, el reto es no bajar la guardia y responderle a la sociedad con acciones tangibles.<\/p>\n","protected":false},"excerpt":{"rendered":"<p>Los presidentes municipales del PRI ratificaron su compromiso de trabajo con los michoacanos y con ello su respaldo al Equipo por Michoac\u00e1n con la apuesta en su partido. Encabezados por la alcaldesa de Adriana Campos Huirache, coordinadora de los presidentes municipales del PRI, ante los dirigentes Jes\u00fas Hern\u00e1ndez Pe\u00f1a y Roc\u00edo Luqu\u00edn Vald\u00e9s y el [&hellip;]<\/p>\n","protected":false},"author":2,"featured_media":69058,"comment_status":"closed","ping_status":"closed","sticky":false,"template":"","format":"standard","meta":{"footnotes":""},"categories":[1],"tags":[],"class_list":["post-69057","post","type-post","status-publish","format-standard","has-post-thumbnail","hentry","category-sin-categoria"],"_links":{"self":[{"href":"https:\/\/radiowebmx.com\/nota\/wp-json\/wp\/v2\/posts\/69057","targetHints":{"allow":["GET"]}}],"collection":[{"href":"https:\/\/radiowebmx.com\/nota\/wp-json\/wp\/v2\/posts"}],"about":[{"href":"https:\/\/radiowebmx.com\/nota\/wp-json\/wp\/v2\/types\/post"}],"author":[{"embeddable":true,"href":"https:\/\/radiowebmx.com\/nota\/wp-json\/wp\/v2\/users\/2"}],"replies":[{"embeddable":true,"href":"https:\/\/radiowebmx.com\/nota\/wp-json\/wp\/v2\/comments?post=69057"}],"version-history":[{"count":1,"href":"https:\/\/radiowebmx.com\/nota\/wp-json\/wp\/v2\/posts\/69057\/revisions"}],"predecessor-version":[{"id":69059,"href":"https:\/\/radiowebmx.com\/nota\/wp-json\/wp\/v2\/posts\/69057\/revisions\/69059"}],"wp:featuredmedia":[{"embeddable":true,"href":"https:\/\/radiowebmx.com\/nota\/wp-json\/wp\/v2\/media\/69058"}],"wp:attachment":[{"href":"https:\/\/radiowebmx.com\/nota\/wp-json\/wp\/v2\/media?parent=69057"}],"wp:term":[{"taxonomy":"category","embeddable":true,"href":"https:\/\/radiowebmx.com\/nota\/wp-json\/wp\/v2\/categories?post=69057"},{"taxonomy":"post_tag","embeddable":true,"href":"https:\/\/radiowebmx.com\/nota\/wp-json\/wp\/v2\/tags?post=69057"}],"curies":[{"name":"wp","href":"https:\/\/api.w.org\/{rel}","templated":true}]}}