{"id":69048,"date":"2020-06-09T14:02:37","date_gmt":"2020-06-09T19:02:37","guid":{"rendered":"https:\/\/radiowebmx.com\/nota\/?p=69048"},"modified":"2020-06-09T14:04:55","modified_gmt":"2020-06-09T19:04:55","slug":"ayuntamiento-recomienda-a-usuarios-y-choferes-del-sitt-el-uso-obligatorio-de-cubre-bocas","status":"publish","type":"post","link":"https:\/\/radiowebmx.com\/nota\/ayuntamiento-recomienda-a-usuarios-y-choferes-del-sitt-el-uso-obligatorio-de-cubre-bocas\/","title":{"rendered":"AYUNTAMIENTO RECOMIENDA A USUARIOS Y CHOFERES DEL SITT EL USO OBLIGATORIO DE CUBRE BOCAS"},"content":{"rendered":"<h3>\u2022 El objetivo es frenar la propagaci\u00f3n del Covid-19 en la regi\u00f3n al viajar por el sistema de movilidad municipal<\/h3>\n<p>Tijuana, Baja California, a 08 de junio de 2020.- El uso obligatorio de cubre bocas para los usuarios de la ruta troncal del Sistema Integral de Transporte de Tijuana (SITT), inici\u00f3 este 8 de junio, como una medida para evitar la propagaci\u00f3n del Covid-19 y proteger la salud de la poblaci\u00f3n que utiliza este medio de transporte, tal como lo ha instruido el presidente municipal, Arturo Gonz\u00e1lez Cruz, durante la contingencia sanitaria.<\/p>\n<p>El director del SITT, Emilio Rodr\u00edguez Ibarra indic\u00f3 que el usuario debe portar el cubre bocas durante todo su trayecto y en las estaciones mientras espera subir a la unidad, guardando tambi\u00e9n la sana distancia entre pasajeros.<\/p>\n<p>Rodr\u00edguez Ibarra agreg\u00f3 que el uso obligatorio del cubre bocas aplica tambi\u00e9n para los operadores de las unidades del SITT, con el objetivo de tener un recorrido m\u00e1s seguro, al ser el transporte p\u00fablico uno de los espacios con mayor riesgo de contagio de Covid-19.<\/p>\n<p>Esta medida implementada por la actual administraci\u00f3n, a trav\u00e9s de la paramunicipal, se suma a las recomendaciones que debemos aplicar, hoy todos por Tijuana, para frenar la propagaci\u00f3n de la enfermedad.<\/p>\n<p>De igual forma, se exhorta\u00a0 a los usuarios del SITT y de cualquier otro medio masivo de movilidad, evitar tener contacto con superficies, comer o ingerir bebidas al interior de la unidad, utilizar gel antibacterial y evitar desplazamientos innecesarios, explic\u00f3 Emilio Rodr\u00edguez.<\/p>\n<p>El funcionario manifest\u00f3 que una de las caracter\u00edsticas del servicio del SITT es que el pasajero paga directamente en una alcanc\u00eda, por lo que no tiene contacto directo con el chofer de la unidad y ello facilita la sana distancia.<\/p>\n","protected":false},"excerpt":{"rendered":"<p>\u2022 El objetivo es frenar la propagaci\u00f3n del Covid-19 en la regi\u00f3n al viajar por el sistema de movilidad municipal Tijuana, Baja California, a 08 de junio de 2020.- El uso obligatorio de cubre bocas para los usuarios de la ruta troncal del Sistema Integral de Transporte de Tijuana (SITT), inici\u00f3 este 8 de junio, [&hellip;]<\/p>\n","protected":false},"author":2,"featured_media":0,"comment_status":"closed","ping_status":"closed","sticky":false,"template":"","format":"standard","meta":{"footnotes":""},"categories":[1],"tags":[],"class_list":["post-69048","post","type-post","status-publish","format-standard","hentry","category-sin-categoria"],"_links":{"self":[{"href":"https:\/\/radiowebmx.com\/nota\/wp-json\/wp\/v2\/posts\/69048","targetHints":{"allow":["GET"]}}],"collection":[{"href":"https:\/\/radiowebmx.com\/nota\/wp-json\/wp\/v2\/posts"}],"about":[{"href":"https:\/\/radiowebmx.com\/nota\/wp-json\/wp\/v2\/types\/post"}],"author":[{"embeddable":true,"href":"https:\/\/radiowebmx.com\/nota\/wp-json\/wp\/v2\/users\/2"}],"replies":[{"embeddable":true,"href":"https:\/\/radiowebmx.com\/nota\/wp-json\/wp\/v2\/comments?post=69048"}],"version-history":[{"count":2,"href":"https:\/\/radiowebmx.com\/nota\/wp-json\/wp\/v2\/posts\/69048\/revisions"}],"predecessor-version":[{"id":69053,"href":"https:\/\/radiowebmx.com\/nota\/wp-json\/wp\/v2\/posts\/69048\/revisions\/69053"}],"wp:attachment":[{"href":"https:\/\/radiowebmx.com\/nota\/wp-json\/wp\/v2\/media?parent=69048"}],"wp:term":[{"taxonomy":"category","embeddable":true,"href":"https:\/\/radiowebmx.com\/nota\/wp-json\/wp\/v2\/categories?post=69048"},{"taxonomy":"post_tag","embeddable":true,"href":"https:\/\/radiowebmx.com\/nota\/wp-json\/wp\/v2\/tags?post=69048"}],"curies":[{"name":"wp","href":"https:\/\/api.w.org\/{rel}","templated":true}]}}