{"id":6892,"date":"2014-05-12T09:52:36","date_gmt":"2014-05-12T14:52:36","guid":{"rendered":"https:\/\/radiowebmx.com\/nota\/?p=6892"},"modified":"2014-05-12T09:52:36","modified_gmt":"2014-05-12T14:52:36","slug":"detiene-la-pgje-a-dos-probables-responsables-de-extorsion","status":"publish","type":"post","link":"https:\/\/radiowebmx.com\/nota\/detiene-la-pgje-a-dos-probables-responsables-de-extorsion\/","title":{"rendered":"Detiene la PGJE a dos probables responsables de extorsi\u00f3n"},"content":{"rendered":"<p>Personal de la Procuradur\u00eda General de Justicia del Estado logr\u00f3 la detenci\u00f3n de dos probables responsables del delito de extorsi\u00f3n. Para cometer esta conducta delictiva, los inculpados se hicieron pasar como integrantes de un grupo criminal.<\/p>\n<p>&nbsp;<\/p>\n<p>Se trata de Alejandro P., y Rogelio L., ambos de 30 a\u00f1os de edad, quienes est\u00e1n relacionados en la averiguaci\u00f3n previa penal por el delito de extorsi\u00f3n, cometido en agravio de una empleada de una tienda comercial de esta ciudad.<\/p>\n<p>&nbsp;<\/p>\n<p>Estos hechos se registraron el d\u00eda cinco del presente a\u00f1o, cuando la ofendida recibi\u00f3 una llamada telef\u00f3nica a su celular, mediante la que los \u00a0ahora detenidos le indicaban que eran integrantes de una organizaci\u00f3n criminal y le exigieron una fuerte suma de dinero, bajo la advertencia de que de no hacerlo, atentar\u00edan contra la vida de sus familiares.<\/p>\n<p>&nbsp;<\/p>\n<p>Por lo anterior, la ofendida acudi\u00f3 ante la PGJE a denunciar los hechos, por lo que de manera inmediata personal de la Direcci\u00f3n Antisecuestros dio inicio a las investigaciones correspondientes, mismas que condujeron a la detenci\u00f3n de Rogelio L. en los momentos que recib\u00edan el dinero producto de la extorsi\u00f3n en la esquina que forman la Avenida Nocup\u00e9taro y Guadalupe Victoria.<\/p>\n<p>&nbsp;<\/p>\n<p>El requerido se\u00f1al\u00f3 a las autoridades que su c\u00f3mplice Rogelio lo estaba esperando en la fuente de Las Tarascas para repartirse el dinero producto de la extorsi\u00f3n, lugar donde fue detenido.<\/p>\n<p>&nbsp;<\/p>\n<p>Ambos extorsionadores fueron puestos a disposici\u00f3n del agente del Ministerio P\u00fablico, quien este d\u00eda los consign\u00f3 ante el juez competente, mismo que habr\u00e1 de resolver su situaci\u00f3n jur\u00eddica.<\/p>\n","protected":false},"excerpt":{"rendered":"<p>Personal de la Procuradur\u00eda General de Justicia del Estado logr\u00f3 la detenci\u00f3n de dos probables responsables del delito de extorsi\u00f3n. Para cometer esta conducta delictiva, los inculpados se hicieron pasar como integrantes de un grupo criminal.<\/p>\n","protected":false},"author":1,"featured_media":0,"comment_status":"open","ping_status":"open","sticky":false,"template":"","format":"standard","meta":{"footnotes":""},"categories":[3],"tags":[],"class_list":["post-6892","post","type-post","status-publish","format-standard","hentry","category-gobierno-del-estado-de-michoacan"],"_links":{"self":[{"href":"https:\/\/radiowebmx.com\/nota\/wp-json\/wp\/v2\/posts\/6892","targetHints":{"allow":["GET"]}}],"collection":[{"href":"https:\/\/radiowebmx.com\/nota\/wp-json\/wp\/v2\/posts"}],"about":[{"href":"https:\/\/radiowebmx.com\/nota\/wp-json\/wp\/v2\/types\/post"}],"author":[{"embeddable":true,"href":"https:\/\/radiowebmx.com\/nota\/wp-json\/wp\/v2\/users\/1"}],"replies":[{"embeddable":true,"href":"https:\/\/radiowebmx.com\/nota\/wp-json\/wp\/v2\/comments?post=6892"}],"version-history":[{"count":1,"href":"https:\/\/radiowebmx.com\/nota\/wp-json\/wp\/v2\/posts\/6892\/revisions"}],"predecessor-version":[{"id":6893,"href":"https:\/\/radiowebmx.com\/nota\/wp-json\/wp\/v2\/posts\/6892\/revisions\/6893"}],"wp:attachment":[{"href":"https:\/\/radiowebmx.com\/nota\/wp-json\/wp\/v2\/media?parent=6892"}],"wp:term":[{"taxonomy":"category","embeddable":true,"href":"https:\/\/radiowebmx.com\/nota\/wp-json\/wp\/v2\/categories?post=6892"},{"taxonomy":"post_tag","embeddable":true,"href":"https:\/\/radiowebmx.com\/nota\/wp-json\/wp\/v2\/tags?post=6892"}],"curies":[{"name":"wp","href":"https:\/\/api.w.org\/{rel}","templated":true}]}}