{"id":68883,"date":"2019-10-25T20:23:52","date_gmt":"2019-10-26T01:23:52","guid":{"rendered":"https:\/\/radiowebmx.com\/nota\/?p=68883"},"modified":"2019-10-25T20:23:52","modified_gmt":"2019-10-26T01:23:52","slug":"federacion-da-banderazo-al-1er-festival-de-la-inclusion-en-michoacan","status":"publish","type":"post","link":"https:\/\/radiowebmx.com\/nota\/federacion-da-banderazo-al-1er-festival-de-la-inclusion-en-michoacan\/","title":{"rendered":"Federaci\u00f3n da banderazo al 1er Festival de la Inclusi\u00f3n en Michoac\u00e1n"},"content":{"rendered":"<p>Con el objetivo de visibilizar a las personas con discapacidad, su contexto, capacidades y talentos, la Secretar\u00eda de Bienestar, Delegaci\u00f3n Michoac\u00e1n, realiz\u00f3 el evento inaugural del Primer Festival de la Inclusi\u00f3n que se desarrollar\u00e1 del 25 al 27 de octubre en el Pueblo M\u00e1gico.<\/p>\n<p>Roberto Pantoja Arzola, Delegado Estatal de Programas para el Bienestar, destac\u00f3 que esta actividad es una de tantas que est\u00e1 realizando el Gobierno de M\u00e9xico, para promover el pleno ejercicio de los derechos de todos los mexicanos, porque &#8220;estamos escuchando a muchos sectores que antes no se atend\u00edan&#8221;.<\/p>\n<p>Durante este fin de semana, se llevar\u00e1n a cabo diversas actividades en plazas de comunidades aleda\u00f1as a la ribera del lago, para personas con alguna discapacidad sensorial, intelectual, motriz o m\u00faltiple y sus familias, as\u00ed como p\u00fablico en general, quienes podr\u00e1n mostrar su trabajo y habilidades ante los asistentes y desenvolverse en un espacio de inclusi\u00f3n.<\/p>\n<p>Mediante la eliminaci\u00f3n de las barreras de exclusi\u00f3n, discriminaci\u00f3n y racismo, las actividades en la regi\u00f3n lacustre del estado arrancaron este viernes con un torneo de atletismo en el que participaron estudiantes de secundaria de la Zona 02.<\/p>\n<p>Acompa\u00f1ado de Antonio Lozano Pineda, Presidente de la Federaci\u00f3n Mexicana de Asociaciones de Atletismo, Guillermo Rafael Santiago Rodr\u00edguez, director del Instituto Mexicano de la Juventud y del Deporte (IMJUVE), Pantoja Arzola destac\u00f3 que es necesario el reconocimiento de todas las personas y el ejercicio de sus derechos, porque los tiempos de discriminaci\u00f3n tienen que terminarse.<\/p>\n<p>El Presidente Municipal, V\u00edctor B\u00e1ez Ceja, resalt\u00f3 que el Gobierno de la Rep\u00fablica est\u00e1 trabajando para lograr la equidad, porque es una deuda pendiente para los mexicanos. &#8220;Ratificamos nuestra colaboraci\u00f3n para trabajar en todos los programas sociales para lograr que en P\u00e1tzcuaro exista una sociedad igualitaria&#8221;, expres\u00f3.<\/p>\n<p>Posteriormente, las personas pudieron asistir a clases de matrogimnasia, talleres, creaci\u00f3n de globos de cantolla, cocineras tradicionales y elaboracion de juguete tradicional, en las comunidades de Ajuno, Cuanajo y Tzurum\u00farato.<\/p>\n","protected":false},"excerpt":{"rendered":"<p>Con el objetivo de visibilizar a las personas con discapacidad, su contexto, capacidades y talentos, la Secretar\u00eda de Bienestar, Delegaci\u00f3n Michoac\u00e1n, realiz\u00f3 el evento inaugural del Primer Festival de la Inclusi\u00f3n que se desarrollar\u00e1 del 25 al 27 de octubre en el Pueblo M\u00e1gico. Roberto Pantoja Arzola, Delegado Estatal de Programas para el Bienestar, destac\u00f3 [&hellip;]<\/p>\n","protected":false},"author":2,"featured_media":68884,"comment_status":"closed","ping_status":"closed","sticky":false,"template":"","format":"standard","meta":{"footnotes":""},"categories":[60],"tags":[],"class_list":["post-68883","post","type-post","status-publish","format-standard","has-post-thumbnail","hentry","category-michoacan"],"_links":{"self":[{"href":"https:\/\/radiowebmx.com\/nota\/wp-json\/wp\/v2\/posts\/68883","targetHints":{"allow":["GET"]}}],"collection":[{"href":"https:\/\/radiowebmx.com\/nota\/wp-json\/wp\/v2\/posts"}],"about":[{"href":"https:\/\/radiowebmx.com\/nota\/wp-json\/wp\/v2\/types\/post"}],"author":[{"embeddable":true,"href":"https:\/\/radiowebmx.com\/nota\/wp-json\/wp\/v2\/users\/2"}],"replies":[{"embeddable":true,"href":"https:\/\/radiowebmx.com\/nota\/wp-json\/wp\/v2\/comments?post=68883"}],"version-history":[{"count":1,"href":"https:\/\/radiowebmx.com\/nota\/wp-json\/wp\/v2\/posts\/68883\/revisions"}],"predecessor-version":[{"id":68885,"href":"https:\/\/radiowebmx.com\/nota\/wp-json\/wp\/v2\/posts\/68883\/revisions\/68885"}],"wp:featuredmedia":[{"embeddable":true,"href":"https:\/\/radiowebmx.com\/nota\/wp-json\/wp\/v2\/media\/68884"}],"wp:attachment":[{"href":"https:\/\/radiowebmx.com\/nota\/wp-json\/wp\/v2\/media?parent=68883"}],"wp:term":[{"taxonomy":"category","embeddable":true,"href":"https:\/\/radiowebmx.com\/nota\/wp-json\/wp\/v2\/categories?post=68883"},{"taxonomy":"post_tag","embeddable":true,"href":"https:\/\/radiowebmx.com\/nota\/wp-json\/wp\/v2\/tags?post=68883"}],"curies":[{"name":"wp","href":"https:\/\/api.w.org\/{rel}","templated":true}]}}