{"id":68877,"date":"2019-10-25T20:19:48","date_gmt":"2019-10-26T01:19:48","guid":{"rendered":"https:\/\/radiowebmx.com\/nota\/?p=68877"},"modified":"2019-10-25T20:19:48","modified_gmt":"2019-10-26T01:19:48","slug":"el-ritmo-de-tierra-caliente-se-escucha-en-morelia","status":"publish","type":"post","link":"https:\/\/radiowebmx.com\/nota\/el-ritmo-de-tierra-caliente-se-escucha-en-morelia\/","title":{"rendered":"El ritmo de Tierra Caliente se escucha en Morelia"},"content":{"rendered":"<p>Con la Plaza Melchor Ocampo de Morelia como foro, arranca el encuentro de m\u00fasicos y danzantes de Tierra Caliente, \u201cGusto, Fandango y Son. \u00a1A bailar con el Coraz\u00f3n!&#8221;.<\/p>\n<p>Con apoyo de la Secretar\u00eda de Cultura de Michoac\u00e1n (Secum), el programa se desarrollar\u00e1 este viernes 25 y s\u00e1bado 26 de octubre e incluye talleres, conferencias y conversatorios con los participantes del evento.<\/p>\n<p>&#8220;En este momento Michoac\u00e1n es un epicentro cultural y art\u00edstico muy importante en el pa\u00eds, y este fin de semana tendremos una muestra con 50 artistas de los estados de Colima, \u00a0Jalisco, \u00a0Guerrero, \u00a0Estado \u00a0de \u00a0M\u00e9xico \u00a0y Michoac\u00e1n&#8221;, destac\u00f3 durante la inauguraci\u00f3n el titular de la dependencia, Claudio M\u00e9ndez Fern\u00e1ndez.<\/p>\n<p>El Encuentro tiene como fin dar a conocer la cultura musical y de baile de la Tierra Caliente fuera de su regi\u00f3n, adem\u00e1s de presentar los diferentes estilos que se preservan en de los estados participantes.<\/p>\n<p>Dicha regi\u00f3n \u00a0comparte \u00a0dentro \u00a0de \u00a0su \u00a0tradici\u00f3n \u00a0el: son, \u00a0jarabes, \u00a0entre \u00a0otros g\u00e9neros \u00a0musicales, y este fin de semana la gente podr\u00e1 observar \u00a0y aprender, \u00a0dentro \u00a0de un mismo espacio, \u00a0una \u00a0gran \u00a0diversidad \u00a0cultural.<\/p>\n","protected":false},"excerpt":{"rendered":"<p>Con la Plaza Melchor Ocampo de Morelia como foro, arranca el encuentro de m\u00fasicos y danzantes de Tierra Caliente, \u201cGusto, Fandango y Son. \u00a1A bailar con el Coraz\u00f3n!&#8221;. Con apoyo de la Secretar\u00eda de Cultura de Michoac\u00e1n (Secum), el programa se desarrollar\u00e1 este viernes 25 y s\u00e1bado 26 de octubre e incluye talleres, conferencias y [&hellip;]<\/p>\n","protected":false},"author":2,"featured_media":68878,"comment_status":"closed","ping_status":"closed","sticky":false,"template":"","format":"standard","meta":{"footnotes":""},"categories":[60],"tags":[],"class_list":["post-68877","post","type-post","status-publish","format-standard","has-post-thumbnail","hentry","category-michoacan"],"_links":{"self":[{"href":"https:\/\/radiowebmx.com\/nota\/wp-json\/wp\/v2\/posts\/68877","targetHints":{"allow":["GET"]}}],"collection":[{"href":"https:\/\/radiowebmx.com\/nota\/wp-json\/wp\/v2\/posts"}],"about":[{"href":"https:\/\/radiowebmx.com\/nota\/wp-json\/wp\/v2\/types\/post"}],"author":[{"embeddable":true,"href":"https:\/\/radiowebmx.com\/nota\/wp-json\/wp\/v2\/users\/2"}],"replies":[{"embeddable":true,"href":"https:\/\/radiowebmx.com\/nota\/wp-json\/wp\/v2\/comments?post=68877"}],"version-history":[{"count":1,"href":"https:\/\/radiowebmx.com\/nota\/wp-json\/wp\/v2\/posts\/68877\/revisions"}],"predecessor-version":[{"id":68879,"href":"https:\/\/radiowebmx.com\/nota\/wp-json\/wp\/v2\/posts\/68877\/revisions\/68879"}],"wp:featuredmedia":[{"embeddable":true,"href":"https:\/\/radiowebmx.com\/nota\/wp-json\/wp\/v2\/media\/68878"}],"wp:attachment":[{"href":"https:\/\/radiowebmx.com\/nota\/wp-json\/wp\/v2\/media?parent=68877"}],"wp:term":[{"taxonomy":"category","embeddable":true,"href":"https:\/\/radiowebmx.com\/nota\/wp-json\/wp\/v2\/categories?post=68877"},{"taxonomy":"post_tag","embeddable":true,"href":"https:\/\/radiowebmx.com\/nota\/wp-json\/wp\/v2\/tags?post=68877"}],"curies":[{"name":"wp","href":"https:\/\/api.w.org\/{rel}","templated":true}]}}