{"id":68857,"date":"2019-10-25T20:12:11","date_gmt":"2019-10-26T01:12:11","guid":{"rendered":"https:\/\/radiowebmx.com\/nota\/?p=68857"},"modified":"2019-10-25T20:12:11","modified_gmt":"2019-10-26T01:12:11","slug":"urge-araceli-saucedo-a-que-federacion-licite-obras-de-libramientos-zitacuaro-maravatio-y-ecuandureo-la-piedad","status":"publish","type":"post","link":"https:\/\/radiowebmx.com\/nota\/urge-araceli-saucedo-a-que-federacion-licite-obras-de-libramientos-zitacuaro-maravatio-y-ecuandureo-la-piedad\/","title":{"rendered":"Urge Araceli Saucedo a que Federaci\u00f3n licite obras de libramientos Zit\u00e1cuaro-Maravat\u00edo y Ecuandureo-La Piedad"},"content":{"rendered":"<ul>\n<li>Debe darse a la brevedad y no quedar s\u00f3lo en anuncio para apaciguar los \u00e1nimos del sector de la construcci\u00f3n que est\u00e1 en picada en M\u00e9xico<\/li>\n<\/ul>\n<div>\n<p>La licitaci\u00f3n de los libramientos Zit\u00e1cuaro-Maravat\u00edo y Ecuandureo-La Piedad, dada a conocer por el Gobierno Federal como parte de cinco proyectos para reactivar la construcci\u00f3n en el pa\u00eds, debe darse a la brevedad y no quedar s\u00f3lo en anuncio para apaciguar los \u00e1nimos de dicho sector, apunt\u00f3 la diputada Araceli Saucedo Reyes, coordinadora del Grupo Parlamentario del Partido de la Revoluci\u00f3n Democr\u00e1tica en la LXXIV Legislatura del Congreso del Estado.<\/p>\n<p>La diputada por el Distrito de P\u00e1tzcuaro apunt\u00f3 que frente a la ca\u00edda en picada del sector de la construcci\u00f3n, la federaci\u00f3n a trav\u00e9s de la Secretar\u00eda de Comunicaciones y Transportes inform\u00f3 de una serie de obras a realizarse con la idea de inyectar recursos al sector, entre las que se encuentran un par para Michoac\u00e1n.<\/p>\n<p>Sin embargo, la legisladora hizo menci\u00f3n que si bien se habla de un primer paquete con cinco proyectos carreteros con una inversi\u00f3n de 18.8 mil millones de pesos, s\u00f3lo se alude al tramo previsto en la autopista Monterrey-Saltillo como el \u00fanico formalizado hasta el momento.<\/p>\n<p>\u201cLa autoridad federal no da claridad sobre las fechas en que se licitar\u00e1n los otros cuatro proyectos carreteros anunciados, por lo que, en el caso de Michoac\u00e1n aunque existe expectativa con el anuncio, no hay certeza acerca de cu\u00e1ndo cristalizar\u00e1 la medida\u201d.<\/p>\n<p>Araceli Saucedo Reyes refiri\u00f3 que las obras en Michoac\u00e1n formar\u00edan parte de proyecto que comprende a la Red de Carreteras de Occidente, incluyendo adem\u00e1s de los libramientos Zit\u00e1cuaro-Maravat\u00edo y Ecuandureo-La Piedad, tambi\u00e9n al de Lagos de Moreno.<\/p>\n<p>La legisladora puntualiz\u00f3 que esta medida al menos generar\u00e1 un respiro al sector de la construcci\u00f3n en caso de concretarse, ya que las perspectivas que se tienen para el 2020 son adversas debido a los recortes aplicados por la Federaci\u00f3n al gasto en inversi\u00f3n p\u00fablica en los estados de la Rep\u00fablica.<\/p><\/div>\n","protected":false},"excerpt":{"rendered":"<p>Debe darse a la brevedad y no quedar s\u00f3lo en anuncio para apaciguar los \u00e1nimos del sector de la construcci\u00f3n que est\u00e1 en picada en M\u00e9xico La licitaci\u00f3n de los libramientos Zit\u00e1cuaro-Maravat\u00edo y Ecuandureo-La Piedad, dada a conocer por el Gobierno Federal como parte de cinco proyectos para reactivar la construcci\u00f3n en el pa\u00eds, debe [&hellip;]<\/p>\n","protected":false},"author":2,"featured_media":68858,"comment_status":"closed","ping_status":"closed","sticky":false,"template":"","format":"standard","meta":{"footnotes":""},"categories":[6],"tags":[],"class_list":["post-68857","post","type-post","status-publish","format-standard","has-post-thumbnail","hentry","category-congreso-del-estado"],"_links":{"self":[{"href":"https:\/\/radiowebmx.com\/nota\/wp-json\/wp\/v2\/posts\/68857","targetHints":{"allow":["GET"]}}],"collection":[{"href":"https:\/\/radiowebmx.com\/nota\/wp-json\/wp\/v2\/posts"}],"about":[{"href":"https:\/\/radiowebmx.com\/nota\/wp-json\/wp\/v2\/types\/post"}],"author":[{"embeddable":true,"href":"https:\/\/radiowebmx.com\/nota\/wp-json\/wp\/v2\/users\/2"}],"replies":[{"embeddable":true,"href":"https:\/\/radiowebmx.com\/nota\/wp-json\/wp\/v2\/comments?post=68857"}],"version-history":[{"count":1,"href":"https:\/\/radiowebmx.com\/nota\/wp-json\/wp\/v2\/posts\/68857\/revisions"}],"predecessor-version":[{"id":68859,"href":"https:\/\/radiowebmx.com\/nota\/wp-json\/wp\/v2\/posts\/68857\/revisions\/68859"}],"wp:featuredmedia":[{"embeddable":true,"href":"https:\/\/radiowebmx.com\/nota\/wp-json\/wp\/v2\/media\/68858"}],"wp:attachment":[{"href":"https:\/\/radiowebmx.com\/nota\/wp-json\/wp\/v2\/media?parent=68857"}],"wp:term":[{"taxonomy":"category","embeddable":true,"href":"https:\/\/radiowebmx.com\/nota\/wp-json\/wp\/v2\/categories?post=68857"},{"taxonomy":"post_tag","embeddable":true,"href":"https:\/\/radiowebmx.com\/nota\/wp-json\/wp\/v2\/tags?post=68857"}],"curies":[{"name":"wp","href":"https:\/\/api.w.org\/{rel}","templated":true}]}}