{"id":68839,"date":"2019-10-24T18:20:57","date_gmt":"2019-10-24T23:20:57","guid":{"rendered":"https:\/\/radiowebmx.com\/nota\/?p=68839"},"modified":"2019-10-24T18:20:57","modified_gmt":"2019-10-24T23:20:57","slug":"mexico-en-caida-libre-en-materia-economica-por-politicas-obradoristas-javi-paredes","status":"publish","type":"post","link":"https:\/\/radiowebmx.com\/nota\/mexico-en-caida-libre-en-materia-economica-por-politicas-obradoristas-javi-paredes\/","title":{"rendered":"M\u00c9XICO EN CA\u00cdDA LIBRE EN MATERIA ECON\u00d3MICA POR POL\u00cdTICAS OBRADORISTAS: JAVI PAREDES"},"content":{"rendered":"<p>La econom\u00eda nacional se encuentra en ca\u00edda libre, consecuencia de las pol\u00edticas p\u00fablicas, implementadas por la administraci\u00f3n federal de Andr\u00e9s Manuel L\u00f3pez Obrador, afirm\u00f3 el Diputado Ciudadano, Javier Paredes Andrade.<\/p>\n<p>El polit\u00f3logo lament\u00f3 que el ahora presidente de la Rep\u00fablica, haya realizado actividades proselitistas por casi dos d\u00e9cadas para llegar a la m\u00e1xima silla del Estado Mexicano y al momento de asumir el poder, defraude la confianza de los ciudadanos que en \u00e9l confiaron.<\/p>\n<p>Aludi\u00f3 a las estad\u00edsticas que emiten diversos sectores de la Iniciativa Privada, que marcan una tendencia negativa, con tasa de crecimiento cero para este 2019, derivado de que no se han podido recuperar por las p\u00e9rdidas econ\u00f3micas que registraron a principios de a\u00f1o por la falta de combustible y posteriormente la toma de las v\u00edas f\u00e9rreas.<\/p>\n<p>Desde su perspectiva, el representante popular local \u00fanico por Movimiento Ciudadano, uno de los grandes problemas que actualmente enfrenta L\u00f3pez Obrador, es que lanz\u00f3 demasiadas promesas y especulaciones de la mejora que obtendr\u00eda el pa\u00eds, en el momento en que tomar\u00e1 el poder, sin resultado alguno.<\/p>\n<p>\u201cLa sorpresa de los mexicanos, fue que en campa\u00f1a tuvo todo tipo de soluciones, pero en la realidad, no ha brindado ninguna respuesta a las demandas populares, sociales, acad\u00e9micas, de inseguridad y econ\u00f3micas, M\u00e9xico se encuentra en una debacle\u201d, asever\u00f3 el legislador michoacano.<\/p>\n<p>Ejemplific\u00f3 que en materia de seguridad, el presidente de la Rep\u00fablica, se someti\u00f3 a un cartel de las drogas, como se evidenci\u00f3 en Culiac\u00e1n; en econom\u00eda, los empresarios han gritado al un\u00edsono que demandan la continuaci\u00f3n de los proyectos productivos como las Zonas Econ\u00f3mica Especiales (ZEE`s) y en atenci\u00f3n a las demandas populares, mostr\u00f3 un gran desprecio por la oposici\u00f3n, con el recibimiento que le dio a los alcaldes \u2013indistintamente del partido pol\u00edtico que emanen-, con gases lacrim\u00f3genos en Palacio Nacional.<\/p>\n<p>Paredes asegur\u00f3 que la actuaci\u00f3n del presidente de la Rep\u00fablica ha sido vergonzosa y lanz\u00f3 un llamado para resarcir el camino a tan solo 10 meses de mandato, para evitar la continuaci\u00f3n de la debacle nacional.<\/p>\n","protected":false},"excerpt":{"rendered":"<p>La econom\u00eda nacional se encuentra en ca\u00edda libre, consecuencia de las pol\u00edticas p\u00fablicas, implementadas por la administraci\u00f3n federal de Andr\u00e9s Manuel L\u00f3pez Obrador, afirm\u00f3 el Diputado Ciudadano, Javier Paredes Andrade. El polit\u00f3logo lament\u00f3 que el ahora presidente de la Rep\u00fablica, haya realizado actividades proselitistas por casi dos d\u00e9cadas para llegar a la m\u00e1xima silla del [&hellip;]<\/p>\n","protected":false},"author":2,"featured_media":68840,"comment_status":"closed","ping_status":"closed","sticky":false,"template":"","format":"standard","meta":{"footnotes":""},"categories":[6],"tags":[],"class_list":["post-68839","post","type-post","status-publish","format-standard","has-post-thumbnail","hentry","category-congreso-del-estado"],"_links":{"self":[{"href":"https:\/\/radiowebmx.com\/nota\/wp-json\/wp\/v2\/posts\/68839","targetHints":{"allow":["GET"]}}],"collection":[{"href":"https:\/\/radiowebmx.com\/nota\/wp-json\/wp\/v2\/posts"}],"about":[{"href":"https:\/\/radiowebmx.com\/nota\/wp-json\/wp\/v2\/types\/post"}],"author":[{"embeddable":true,"href":"https:\/\/radiowebmx.com\/nota\/wp-json\/wp\/v2\/users\/2"}],"replies":[{"embeddable":true,"href":"https:\/\/radiowebmx.com\/nota\/wp-json\/wp\/v2\/comments?post=68839"}],"version-history":[{"count":1,"href":"https:\/\/radiowebmx.com\/nota\/wp-json\/wp\/v2\/posts\/68839\/revisions"}],"predecessor-version":[{"id":68841,"href":"https:\/\/radiowebmx.com\/nota\/wp-json\/wp\/v2\/posts\/68839\/revisions\/68841"}],"wp:featuredmedia":[{"embeddable":true,"href":"https:\/\/radiowebmx.com\/nota\/wp-json\/wp\/v2\/media\/68840"}],"wp:attachment":[{"href":"https:\/\/radiowebmx.com\/nota\/wp-json\/wp\/v2\/media?parent=68839"}],"wp:term":[{"taxonomy":"category","embeddable":true,"href":"https:\/\/radiowebmx.com\/nota\/wp-json\/wp\/v2\/categories?post=68839"},{"taxonomy":"post_tag","embeddable":true,"href":"https:\/\/radiowebmx.com\/nota\/wp-json\/wp\/v2\/tags?post=68839"}],"curies":[{"name":"wp","href":"https:\/\/api.w.org\/{rel}","templated":true}]}}