{"id":68818,"date":"2019-10-24T18:12:15","date_gmt":"2019-10-24T23:12:15","guid":{"rendered":"https:\/\/radiowebmx.com\/nota\/?p=68818"},"modified":"2019-10-24T18:12:15","modified_gmt":"2019-10-24T23:12:15","slug":"convoca-miriam-tinoco-a-la-pacificacion-del-pais","status":"publish","type":"post","link":"https:\/\/radiowebmx.com\/nota\/convoca-miriam-tinoco-a-la-pacificacion-del-pais\/","title":{"rendered":"Convoca Miriam Tinoco a la pacificaci\u00f3n del pa\u00eds"},"content":{"rendered":"<ul>\n<li>Necesaria la coordinaci\u00f3n entre federaci\u00f3n, estados y municipios<\/li>\n<\/ul>\n<div>En M\u00e9xico es urgente que se redoblen esfuerzos entre la federaci\u00f3n, estados y municipios por la pacificaci\u00f3n del pa\u00eds, para garantizar la seguridad, el respeto a los derechos humanos y la justicia para todas las personas, subray\u00f3 la diputada Miriam Tinoco Soto, integrante de la LXXIV Legislatura en el Congreso del Estado.<\/p>\n<p>La diputada independiente refiri\u00f3 que, ante los \u00faltimos acontecimientos en M\u00e9xico, es apremiante que se fortalezca la estrategia de seguridad y que la misma sea integral, para atender de fondo las causas y los factores estructurales que generan la violencia y la inseguridad, lo cual debe ser una prioridad en la agenda nacional.<\/p>\n<p>Es momento de que, sin desconocer nuestras posturas ideol\u00f3gicas, desde todas las trincheras, estados, municipios y desde la federaci\u00f3n se aporte a la seguridad, lo cual generar\u00e1 estabilidad pol\u00edtica, econ\u00f3mica y social, por lo que urgi\u00f3 a que exista la voluntad para reencauzar el rumbo y se brinden soluciones efectivas a las y los mexicanos, sostuvo la diputada local.<\/p>\n<p>La legisladora llam\u00f3 a redise\u00f1ar e implementar una pol\u00edtica de seguridad humana de car\u00e1cter integral, para que todos los mexicanos y mexicanas gocen de su derecho inalienable a vivir en un entorno seguro y libre de violencia, atendiendo las causas estructurales de la violencia y la delincuencia, con el \u00fanico objetivo de garantizar la paz y estabilidad al pueblo de M\u00e9xico.<\/p>\n<p>Refiri\u00f3 que las acciones en materia de seguridad que se implementan en el pa\u00eds, es necesaria la coordinaci\u00f3n entre la federaci\u00f3n, estados y municipios, en el que participe la poblaci\u00f3n y diversos sectores sociales y en la que se garantice el pleno respeto de los derechos humanos, y se proteja a las v\u00edctimas.<\/p>\n<p>De cara a la aprobaci\u00f3n del paquete econ\u00f3mico para el siguiente a\u00f1o, Miriam Tinoco se pronunci\u00f3 por fortalecer a las instituciones policiales para enfrentar al delito y recuperar la confianza de la sociedad, as\u00ed como para el impulso de acciones preventivas del delito y aunado a combatir las malas pr\u00e1cticas, la impunidad, y la corrupci\u00f3n en el sistema de impartici\u00f3n y procuraci\u00f3n de justicia.<\/p>\n<p>Paralelamente al combate a la inseguridad, consider\u00f3 que se debe priorizar la necesidad de impulsar un desarrollo econ\u00f3mico con crecimiento, inclusi\u00f3n social y sostenibilidad, para generar otro entorno y oportunidades para todos.<\/p>\n<p>\u201cUna de las estrategias m\u00e1s eficientes para combatir la delincuencia y las condiciones de inseguridad, tiene que ver con la puesta en marcha de programas integrales de desarrollo econ\u00f3mico y social, que establezcan \u00e1reas muy concretas de intervenci\u00f3n: zonas, grupos y comunidades marginados, infraestructura productiva, educaci\u00f3n, estructura administrativa, entre otras\u201d<\/p><\/div>\n","protected":false},"excerpt":{"rendered":"<p>Necesaria la coordinaci\u00f3n entre federaci\u00f3n, estados y municipios En M\u00e9xico es urgente que se redoblen esfuerzos entre la federaci\u00f3n, estados y municipios por la pacificaci\u00f3n del pa\u00eds, para garantizar la seguridad, el respeto a los derechos humanos y la justicia para todas las personas, subray\u00f3 la diputada Miriam Tinoco Soto, integrante de la LXXIV Legislatura [&hellip;]<\/p>\n","protected":false},"author":2,"featured_media":68819,"comment_status":"closed","ping_status":"closed","sticky":false,"template":"","format":"standard","meta":{"footnotes":""},"categories":[6],"tags":[],"class_list":["post-68818","post","type-post","status-publish","format-standard","has-post-thumbnail","hentry","category-congreso-del-estado"],"_links":{"self":[{"href":"https:\/\/radiowebmx.com\/nota\/wp-json\/wp\/v2\/posts\/68818","targetHints":{"allow":["GET"]}}],"collection":[{"href":"https:\/\/radiowebmx.com\/nota\/wp-json\/wp\/v2\/posts"}],"about":[{"href":"https:\/\/radiowebmx.com\/nota\/wp-json\/wp\/v2\/types\/post"}],"author":[{"embeddable":true,"href":"https:\/\/radiowebmx.com\/nota\/wp-json\/wp\/v2\/users\/2"}],"replies":[{"embeddable":true,"href":"https:\/\/radiowebmx.com\/nota\/wp-json\/wp\/v2\/comments?post=68818"}],"version-history":[{"count":1,"href":"https:\/\/radiowebmx.com\/nota\/wp-json\/wp\/v2\/posts\/68818\/revisions"}],"predecessor-version":[{"id":68820,"href":"https:\/\/radiowebmx.com\/nota\/wp-json\/wp\/v2\/posts\/68818\/revisions\/68820"}],"wp:featuredmedia":[{"embeddable":true,"href":"https:\/\/radiowebmx.com\/nota\/wp-json\/wp\/v2\/media\/68819"}],"wp:attachment":[{"href":"https:\/\/radiowebmx.com\/nota\/wp-json\/wp\/v2\/media?parent=68818"}],"wp:term":[{"taxonomy":"category","embeddable":true,"href":"https:\/\/radiowebmx.com\/nota\/wp-json\/wp\/v2\/categories?post=68818"},{"taxonomy":"post_tag","embeddable":true,"href":"https:\/\/radiowebmx.com\/nota\/wp-json\/wp\/v2\/tags?post=68818"}],"curies":[{"name":"wp","href":"https:\/\/api.w.org\/{rel}","templated":true}]}}