{"id":68815,"date":"2019-10-24T18:11:07","date_gmt":"2019-10-24T23:11:07","guid":{"rendered":"https:\/\/radiowebmx.com\/nota\/?p=68815"},"modified":"2019-10-24T18:11:07","modified_gmt":"2019-10-24T23:11:07","slug":"cierran-filas-para-mejorar-atencion-a-mujeres-victimas-de-violencia-lucila-martinez","status":"publish","type":"post","link":"https:\/\/radiowebmx.com\/nota\/cierran-filas-para-mejorar-atencion-a-mujeres-victimas-de-violencia-lucila-martinez\/","title":{"rendered":"Cierran filas para mejorar atenci\u00f3n a mujeres v\u00edctimas de violencia: Lucila Mart\u00ednez"},"content":{"rendered":"<p>Con el objetivo de garantizar que, como eje central, las pol\u00edticas y programas de gobierno y del Congreso Local se realicen con un enfoque transversal de igualdad sustantiva de g\u00e9nero, desde la perspectiva de los derechos humanos, este d\u00eda, la presidenta de la Comisi\u00f3n de Igualdad Sustantiva y de G\u00e9nero en la LXXIV Legislatura del Congreso del Estado, Lucila Mart\u00ednez Manr\u00edquez, trabaja con diversas dependencias estatales y organismos para capacitar a las distintas \u00e1reas en materia de perspectiva de g\u00e9nero y para mejorar la atenci\u00f3n a las mujeres v\u00edctimas de violencia.<\/p>\n<p>La legisladora celebr\u00f3 los esfuerzos que se est\u00e1n realizando para que, en todas las dependencias y como Poder Legislativo, se impulsen pol\u00edticas p\u00fablicas transversales que garanticen los derechos de las mujeres, as\u00ed como de los diversos sectores sociales, especialmente de los grupos vulnerables.<\/p>\n<p>Refiri\u00f3 que se establecer\u00e1 un calendario para las capacitaciones que se realizar\u00e1n con una visi\u00f3n de perspectiva de g\u00e9nero, cerrando filas para que, desde todas las trincheras, se garantice el derecho de vivir en un entorno seguro y libre de violencia, con condiciones que permitan el desarrollo de sus capacidades de todas las mujeres.<\/p>\n<p>Lucila Mart\u00ednez manifest\u00f3 el compromiso del Congreso de Michoac\u00e1n para legislar con perspectiva de g\u00e9nero, en donde \u2013 a lo largo de la LXXIV Legislatura \u2013 se han propuesto varias iniciativas y refiri\u00f3 sobre la necesidad de seguir redoblando esfuerzos para combatir la violencia contra la mujer con acciones integrales.<\/p>\n<p>La legisladora sostuvo que en nuestro pa\u00eds es necesario priorizar la atenci\u00f3n y combatir el fen\u00f3meno que se ha acrecentado en este escenario de inseguridad: violencia contra las mujeres, tema en el que destac\u00f3 que Michoac\u00e1n est\u00e1 haciendo lo que les corresponde.<\/p>\n<p>De acuerdo con datos del Secretariado Ejecutivo del Sistema Nacional de Seguridad P\u00fablica, entre 2015 y 2017, las procuradur\u00edas estatales registraron mil 640 carpetas de investigaci\u00f3n por el delito de feminicidio en M\u00e9xico, lo que implica que diariamente en el pa\u00eds, en ese periodo, se registr\u00f3 en promedio 1.4 feminicidios y las cifras del presente a\u00f1o \u2013 en M\u00e9xico \u2013 son de alarma, preocupaci\u00f3n y ocupaci\u00f3n.<\/p>\n<p>La violencia a la mujer abarca tambi\u00e9n otros aspectos, como lo es el tema de la salud; conforme a datos del INEGI, 12.2 millones de mujeres trabajadoras no tienen acceso a la salud, en tanto que la cifra en varones es mayor, con un total de 20.4 millones en 2017.<\/p>\n<p>Por lo anterior, Mart\u00ednez Manr\u00edquez indic\u00f3 que las reuniones, que se est\u00e1n realizando entre diversas dependencias y organismos para cerrar filas y en pro de las mujeres y grupos vulnerables, son fundamentales para garantizar una mejor atenci\u00f3n a todas, as\u00ed como para eliminar y combatir la violencia en todos sus tipos.<\/p>\n","protected":false},"excerpt":{"rendered":"<p>Con el objetivo de garantizar que, como eje central, las pol\u00edticas y programas de gobierno y del Congreso Local se realicen con un enfoque transversal de igualdad sustantiva de g\u00e9nero, desde la perspectiva de los derechos humanos, este d\u00eda, la presidenta de la Comisi\u00f3n de Igualdad Sustantiva y de G\u00e9nero en la LXXIV Legislatura del [&hellip;]<\/p>\n","protected":false},"author":2,"featured_media":68816,"comment_status":"closed","ping_status":"closed","sticky":false,"template":"","format":"standard","meta":{"footnotes":""},"categories":[6],"tags":[],"class_list":["post-68815","post","type-post","status-publish","format-standard","has-post-thumbnail","hentry","category-congreso-del-estado"],"_links":{"self":[{"href":"https:\/\/radiowebmx.com\/nota\/wp-json\/wp\/v2\/posts\/68815","targetHints":{"allow":["GET"]}}],"collection":[{"href":"https:\/\/radiowebmx.com\/nota\/wp-json\/wp\/v2\/posts"}],"about":[{"href":"https:\/\/radiowebmx.com\/nota\/wp-json\/wp\/v2\/types\/post"}],"author":[{"embeddable":true,"href":"https:\/\/radiowebmx.com\/nota\/wp-json\/wp\/v2\/users\/2"}],"replies":[{"embeddable":true,"href":"https:\/\/radiowebmx.com\/nota\/wp-json\/wp\/v2\/comments?post=68815"}],"version-history":[{"count":1,"href":"https:\/\/radiowebmx.com\/nota\/wp-json\/wp\/v2\/posts\/68815\/revisions"}],"predecessor-version":[{"id":68817,"href":"https:\/\/radiowebmx.com\/nota\/wp-json\/wp\/v2\/posts\/68815\/revisions\/68817"}],"wp:featuredmedia":[{"embeddable":true,"href":"https:\/\/radiowebmx.com\/nota\/wp-json\/wp\/v2\/media\/68816"}],"wp:attachment":[{"href":"https:\/\/radiowebmx.com\/nota\/wp-json\/wp\/v2\/media?parent=68815"}],"wp:term":[{"taxonomy":"category","embeddable":true,"href":"https:\/\/radiowebmx.com\/nota\/wp-json\/wp\/v2\/categories?post=68815"},{"taxonomy":"post_tag","embeddable":true,"href":"https:\/\/radiowebmx.com\/nota\/wp-json\/wp\/v2\/tags?post=68815"}],"curies":[{"name":"wp","href":"https:\/\/api.w.org\/{rel}","templated":true}]}}