{"id":68812,"date":"2019-10-24T18:10:20","date_gmt":"2019-10-24T23:10:20","guid":{"rendered":"https:\/\/radiowebmx.com\/nota\/?p=68812"},"modified":"2019-10-24T18:10:20","modified_gmt":"2019-10-24T23:10:20","slug":"urge-que-congreso-avale-eliminar-vigencia-a-las-actas-de-nacimiento-erik-juarez","status":"publish","type":"post","link":"https:\/\/radiowebmx.com\/nota\/urge-que-congreso-avale-eliminar-vigencia-a-las-actas-de-nacimiento-erik-juarez\/","title":{"rendered":"Urge que Congreso avale eliminar vigencia a las actas de nacimiento: Erik Ju\u00e1rez"},"content":{"rendered":"<p>Para atender las demandas de la poblaci\u00f3n, urge que en las comisiones del Congreso del Estado se dictamine la iniciativa por la cual se elimina la vigencia a las actas de nacimiento y de defunci\u00f3n, subray\u00f3 el diputado proponente Erik Ju\u00e1rez Blanquet, presidente de la Comisi\u00f3n de Puntos Constitucionales en la LXXIV Legislatura Local.<\/p>\n<p>El diputado tambi\u00e9n integrante de la Comisi\u00f3n de Migrantes, refiri\u00f3 que familias que han regresado del vecino pa\u00eds a sus lugares de origen, enfrentan diversas dificultades derivado a que no les aceptan las actas de nacimiento que fueron expedidas en Estados Unidos, lo que impide que puedan realizar el registro de doble nacionalidad u otros tr\u00e1mites.<\/p>\n<p>Record\u00f3 que hace meses present\u00f3 ante el Pleno del Poder Legislativo, una propuesta con el objetivo de atender una de las demandas de las y los michoacanos, en la que plante\u00f3 reformar la Ley Org\u00e1nica del Registro Civil y al C\u00f3digo Familiar \u2013ambos del estado- para que las copias certificadas de las actas de nacimiento y defunci\u00f3n, no tengan vigencia alguna, y sean admitidas en todo tiempo y lugar.<\/p>\n<p>Erik Ju\u00e1rez hizo menci\u00f3n que existen pr\u00e1cticas que atentan contra el derecho de la identidad al fijar vigencia o fecha de expiraci\u00f3n para la\u00a0validez oficial de las copias certificadas del acta de nacimiento, por lo que es necesario que el Congreso del Estado legisle y se dictamine a la brevedad.<\/p>\n<p>Dicha propuesta refiri\u00f3 responde a las demandas de la poblaci\u00f3n y por ello, se presentaron las reformas con el fin de garantizar la vigencia permanente de las copias certificadas de actas de nacimiento y defunci\u00f3n que no presenten tachaduras o enmendaduras.<\/p>\n<p>Con ello, adem\u00e1s dijo se busca que a los ciudadanos no se les obligue a tramitar nuevas copias certificadas de sus actas de nacimiento cada que el Estado cambie de formatos, o necesiten hacer un tr\u00e1mite.<\/p>\n<p>De aprobarse dicha iniciativa de reformas, aclar\u00f3 que salvo cuando las actas presenten tachaduras o enmendaduras, es cuando los ciudadanos estar\u00e1n obligados a tramitar nuevas copias certificadas siempre que las requieran para realizar un tr\u00e1mite y cada vez que el estado cambie de formatos.<\/p>\n<p>El diputado independiente Erik Ju\u00e1rez record\u00f3 que el art\u00edculo cuarto de la m\u00e1xima norma nacional establece que toda persona tiene derecho a la identidad y a ser registrado de manera inmediata a su nacimiento, y que el Estado garantizara el cumplimiento de estos derechos, por lo que la autoridad competente expedir\u00e1 gratuitamente la primera copia certificada del acta de registro de nacimiento.<\/p>\n<p>Urgi\u00f3 a que se dictaminen a la brevedad dicha propuesta, para que en Michoac\u00e1n se establezca que las copias certificadas de las actas de nacimiento y defunci\u00f3n, no tendr\u00e1n vigencia alguna, por lo que ser\u00e1n admitidas en todo tiempo y lugar, excepto en los casos de cuando presenten tachaduras o enmendaduras, lo cual consider\u00f3 beneficiar\u00e1 a la poblaci\u00f3n.<\/p>\n<p>Refiri\u00f3 que en ninguna Ley estatal se establece ning\u00fan l\u00edmite, ni restricci\u00f3n, ni vigencia determinada para el documento p\u00fablico del acta de nacimiento, pese a ello el reglamento de la Ley Org\u00e1nica del Registro Civil del Estado se\u00f1ala en su art\u00edculo 35, segundo p\u00e1rrafo que para la tramitaci\u00f3n de actos del estado civil ante las propias Oficial\u00edas, s\u00f3lo se admitir\u00e1n actas y constancias con fecha de expedici\u00f3n no mayor a dos a\u00f1os.<\/p>\n","protected":false},"excerpt":{"rendered":"<p>Para atender las demandas de la poblaci\u00f3n, urge que en las comisiones del Congreso del Estado se dictamine la iniciativa por la cual se elimina la vigencia a las actas de nacimiento y de defunci\u00f3n, subray\u00f3 el diputado proponente Erik Ju\u00e1rez Blanquet, presidente de la Comisi\u00f3n de Puntos Constitucionales en la LXXIV Legislatura Local. El [&hellip;]<\/p>\n","protected":false},"author":2,"featured_media":68813,"comment_status":"closed","ping_status":"closed","sticky":false,"template":"","format":"standard","meta":{"footnotes":""},"categories":[6],"tags":[],"class_list":["post-68812","post","type-post","status-publish","format-standard","has-post-thumbnail","hentry","category-congreso-del-estado"],"_links":{"self":[{"href":"https:\/\/radiowebmx.com\/nota\/wp-json\/wp\/v2\/posts\/68812","targetHints":{"allow":["GET"]}}],"collection":[{"href":"https:\/\/radiowebmx.com\/nota\/wp-json\/wp\/v2\/posts"}],"about":[{"href":"https:\/\/radiowebmx.com\/nota\/wp-json\/wp\/v2\/types\/post"}],"author":[{"embeddable":true,"href":"https:\/\/radiowebmx.com\/nota\/wp-json\/wp\/v2\/users\/2"}],"replies":[{"embeddable":true,"href":"https:\/\/radiowebmx.com\/nota\/wp-json\/wp\/v2\/comments?post=68812"}],"version-history":[{"count":1,"href":"https:\/\/radiowebmx.com\/nota\/wp-json\/wp\/v2\/posts\/68812\/revisions"}],"predecessor-version":[{"id":68814,"href":"https:\/\/radiowebmx.com\/nota\/wp-json\/wp\/v2\/posts\/68812\/revisions\/68814"}],"wp:featuredmedia":[{"embeddable":true,"href":"https:\/\/radiowebmx.com\/nota\/wp-json\/wp\/v2\/media\/68813"}],"wp:attachment":[{"href":"https:\/\/radiowebmx.com\/nota\/wp-json\/wp\/v2\/media?parent=68812"}],"wp:term":[{"taxonomy":"category","embeddable":true,"href":"https:\/\/radiowebmx.com\/nota\/wp-json\/wp\/v2\/categories?post=68812"},{"taxonomy":"post_tag","embeddable":true,"href":"https:\/\/radiowebmx.com\/nota\/wp-json\/wp\/v2\/tags?post=68812"}],"curies":[{"name":"wp","href":"https:\/\/api.w.org\/{rel}","templated":true}]}}