{"id":68803,"date":"2019-10-24T18:01:46","date_gmt":"2019-10-24T23:01:46","guid":{"rendered":"https:\/\/radiowebmx.com\/nota\/?p=68803"},"modified":"2019-10-24T18:01:46","modified_gmt":"2019-10-24T23:01:46","slug":"araceli-saucedo-entrega-apoyos-para-reparacion-de-viviendas-en-distrito-de-patzcuaro","status":"publish","type":"post","link":"https:\/\/radiowebmx.com\/nota\/araceli-saucedo-entrega-apoyos-para-reparacion-de-viviendas-en-distrito-de-patzcuaro\/","title":{"rendered":"Araceli Saucedo entrega apoyos para reparaci\u00f3n de viviendas en Distrito de P\u00e1tzcuaro"},"content":{"rendered":"<p>Para atender las solicitudes de la poblaci\u00f3n del Distrito de P\u00e1tzcuaro que se han visto afectadas con las lluvias, la coordinadora del Grupo Parlamentario del Partido de la Revoluci\u00f3n Democr\u00e1tica en la LXXIV Legislatura en el Congreso del Estado, Araceli Saucedo Reyes a trav\u00e9s del Programa Construyendo Sue\u00f1os que promueve en la regi\u00f3n, hizo entrega de material para la reparaci\u00f3n de las viviendas.<\/p>\n<p>Atendiendo las gestiones de la poblaci\u00f3n, la legisladora despleg\u00f3 un programa para atender las distintas solicitudes e hicieron entrega de material de construcci\u00f3n y de l\u00e1minas para que se repararan las viviendas que resultaron afectadas con las lluvias.<\/p>\n<p>Araceli Saucedo de manera constante recorre el Distrito de P\u00e1tzcuaro, para atender las peticiones de los diversos sectores de su poblaci\u00f3n, como campesinos, productores, empresarios, maestros, estudiantes, grupos organizados de la sociedad civil, concretando importantes gestiones a favor de estos grupos en materia de salud, infraestructura para vivienda, alimentos, transporte, educaci\u00f3n, deporte, programas alimentarios, apoyo al campo.<\/p>\n<p>\u201cEstoy plenamente consciente de todo lo que falta por hacer para lograr que nuestra regi\u00f3n contin\u00fae creciendo con todo su potencial, para lograr una vida mejor, m\u00e1s digna, con mayores oportunidades para todas y todos\u201d.<\/p>\n<p>Tras recibir el agradecimiento de la poblaci\u00f3n Araceli Saucedo refiri\u00f3 que el Distrito de P\u00e1tzcuaro y Michoac\u00e1n continuar\u00e1 creciendo con la unidad de su gente, m\u00e1s ante las dificultades que se tienen en nuestro pa\u00eds, ante los pocos recursos que recibe la entidad de la federaci\u00f3n, por ello, como legisladora de manera recurrente en lo que est\u00e1 a su alcance est\u00e1 haciendo entrega de apoyos, y en lo legislativo desde el Grupo Parlamentario del PRD se est\u00e1n presentado propuestas para lograr leyes m\u00e1s justas y que beneficien a la sociedad con una justicia m\u00e1s eficaz.<\/p>\n<p>La l\u00edder de la bancada perredista se pronunci\u00f3 por la suma de esfuerzos para el impulso de programas y acciones que se traduzcan en pol\u00edtica social efectivas, que permitan ejercer el derecho de las personas a vivir en libertad y con dignidad, libres de pobreza.<\/p>\n<p>\u201cLos tiempos recientes requieren que se note la representaci\u00f3n popular, no s\u00f3lo los compromisos contra\u00eddos en los periodos de campa\u00f1a, a los que me compromet\u00ed. Es momento de redoblar nuestro trabajo, con toda la fuerza y el vigor de los representantes populares, para dar resultados efectivos a la gente\u201d.<\/p>\n","protected":false},"excerpt":{"rendered":"<p>Para atender las solicitudes de la poblaci\u00f3n del Distrito de P\u00e1tzcuaro que se han visto afectadas con las lluvias, la coordinadora del Grupo Parlamentario del Partido de la Revoluci\u00f3n Democr\u00e1tica en la LXXIV Legislatura en el Congreso del Estado, Araceli Saucedo Reyes a trav\u00e9s del Programa Construyendo Sue\u00f1os que promueve en la regi\u00f3n, hizo entrega [&hellip;]<\/p>\n","protected":false},"author":2,"featured_media":68804,"comment_status":"closed","ping_status":"closed","sticky":false,"template":"","format":"standard","meta":{"footnotes":""},"categories":[6],"tags":[],"class_list":["post-68803","post","type-post","status-publish","format-standard","has-post-thumbnail","hentry","category-congreso-del-estado"],"_links":{"self":[{"href":"https:\/\/radiowebmx.com\/nota\/wp-json\/wp\/v2\/posts\/68803","targetHints":{"allow":["GET"]}}],"collection":[{"href":"https:\/\/radiowebmx.com\/nota\/wp-json\/wp\/v2\/posts"}],"about":[{"href":"https:\/\/radiowebmx.com\/nota\/wp-json\/wp\/v2\/types\/post"}],"author":[{"embeddable":true,"href":"https:\/\/radiowebmx.com\/nota\/wp-json\/wp\/v2\/users\/2"}],"replies":[{"embeddable":true,"href":"https:\/\/radiowebmx.com\/nota\/wp-json\/wp\/v2\/comments?post=68803"}],"version-history":[{"count":1,"href":"https:\/\/radiowebmx.com\/nota\/wp-json\/wp\/v2\/posts\/68803\/revisions"}],"predecessor-version":[{"id":68805,"href":"https:\/\/radiowebmx.com\/nota\/wp-json\/wp\/v2\/posts\/68803\/revisions\/68805"}],"wp:featuredmedia":[{"embeddable":true,"href":"https:\/\/radiowebmx.com\/nota\/wp-json\/wp\/v2\/media\/68804"}],"wp:attachment":[{"href":"https:\/\/radiowebmx.com\/nota\/wp-json\/wp\/v2\/media?parent=68803"}],"wp:term":[{"taxonomy":"category","embeddable":true,"href":"https:\/\/radiowebmx.com\/nota\/wp-json\/wp\/v2\/categories?post=68803"},{"taxonomy":"post_tag","embeddable":true,"href":"https:\/\/radiowebmx.com\/nota\/wp-json\/wp\/v2\/tags?post=68803"}],"curies":[{"name":"wp","href":"https:\/\/api.w.org\/{rel}","templated":true}]}}