{"id":688,"date":"2012-12-20T10:50:56","date_gmt":"2012-12-20T16:50:56","guid":{"rendered":"https:\/\/radiowebmx.com\/nota\/?p=688"},"modified":"2012-12-20T10:50:56","modified_gmt":"2012-12-20T16:50:56","slug":"mas-de-un-millon-200-mil-alumnos-listos-para-vacacionar","status":"publish","type":"post","link":"https:\/\/radiowebmx.com\/nota\/mas-de-un-millon-200-mil-alumnos-listos-para-vacacionar\/","title":{"rendered":"M\u00c1S DE UN MILL\u00d3N 200 MIL ALUMNOS LISTOS PARA VACACIONAR"},"content":{"rendered":"<p>A partir de este jueves, m\u00e1s de un mill\u00f3n 293 mil alumnos michoacanos desde educaci\u00f3n B\u00e1sica hasta el nivel Superior, disfrutar\u00e1n del periodo vacacional, el cual concluir\u00e1 el domingo 6 de enero de 2013.<\/p>\n<p>De acuerdo con el Departamento de Estad\u00edstica, dependiente de la Direcci\u00f3n de Planeaci\u00f3n Educativa de la Secretar\u00eda de Educaci\u00f3n, el estimado para el inicio de cursos del ciclo escolar 2012-2013 es de un mill\u00f3n 30 mil 854 estudiantes en nivel b\u00e1sico que comprende desde Inicial hasta Secundaria.<\/p>\n<p>De acuerdo a los \u00edndices e indicadores educativos que comprenden las escuelas de educaci\u00f3n inicial, contemplando particulares y subsidiados son de un total de 6 mil 784 alumnos inscritos en 79 planteles, atendidos por mil 270 maestros. En la modalidad no escolarizada se cuenta con 27 mil 283 inscritos, mil 711 maestros y 308 espacios.<\/p>\n<p>En Educaci\u00f3n Especial se tiene una matr\u00edcula de 13 mil 829 estudiantes, 917 mentores y 116 planteles educativos.<\/p>\n<p>Para Preescolar existe la cantidad de 190 mil 106 ni\u00f1os y ni\u00f1as inscritos(as) en 4 mil 477 escuelas que son atendidos por 10 mil 650 trabajadores de la educaci\u00f3n. En este servicio se contempla la modalidad ind\u00edgena, privada, Centros de Desarrollo Infantil (CENDI), los que pertenecen al Consejo Nacional del Fomento Educativo, rural, los que pertenecen al DIF, subsidiados y particulares.<\/p>\n<p>En Primaria se contemplan los servicios educativos de Conafe, general, particulares, ind\u00edgenas y subsidiado que hacen un total de 557 mil 306 estudiantes desde primero a sexto grado, 27 mil 814 maestros y 5 mil 376 escuelas.<\/p>\n<p>Para la modalidad Secundaria, el registro es de 235 mil 591 alumnos, 14 mil 273 profesores y mil 569 planteles que incluye Conafe, general, migrante, para trabajadores, particulares, t\u00e9cnicas y telesecundarias.<\/p>\n<p>En el nivel Medio Superior se contempla el bachillerato general, tecnol\u00f3gico y profesional medio con una matr\u00edcula general de 157 mil 286 alumnos, 10 mil 156 mentores y 669 escuelas.<\/p>\n<p>En la Educaci\u00f3n Superior la cantidad es de 105 mil 189 j\u00f3venes inscritos en 124 centros de estudio, contemplando universidades, instituciones privadas, tecnol\u00f3gicos descentralizados y federalizados, a excepci\u00f3n de los pertenecientes a la Universidad Michoacana de San Nicol\u00e1s de Hidalgo.<\/p>\n","protected":false},"excerpt":{"rendered":"<p>A partir de este jueves, m\u00e1s de un mill\u00f3n 293 mil alumnos michoacanos desde educaci\u00f3n B\u00e1sica hasta el nivel Superior, disfrutar\u00e1n del periodo vacacional, el cual concluir\u00e1 el domingo 6 de enero de 2013. De acuerdo con el Departamento de Estad\u00edstica, dependiente de la Direcci\u00f3n de Planeaci\u00f3n Educativa de la Secretar\u00eda de Educaci\u00f3n, el estimado [&hellip;]<\/p>\n","protected":false},"author":1,"featured_media":0,"comment_status":"open","ping_status":"open","sticky":false,"template":"","format":"standard","meta":{"footnotes":""},"categories":[3],"tags":[],"class_list":["post-688","post","type-post","status-publish","format-standard","hentry","category-gobierno-del-estado-de-michoacan"],"_links":{"self":[{"href":"https:\/\/radiowebmx.com\/nota\/wp-json\/wp\/v2\/posts\/688","targetHints":{"allow":["GET"]}}],"collection":[{"href":"https:\/\/radiowebmx.com\/nota\/wp-json\/wp\/v2\/posts"}],"about":[{"href":"https:\/\/radiowebmx.com\/nota\/wp-json\/wp\/v2\/types\/post"}],"author":[{"embeddable":true,"href":"https:\/\/radiowebmx.com\/nota\/wp-json\/wp\/v2\/users\/1"}],"replies":[{"embeddable":true,"href":"https:\/\/radiowebmx.com\/nota\/wp-json\/wp\/v2\/comments?post=688"}],"version-history":[{"count":1,"href":"https:\/\/radiowebmx.com\/nota\/wp-json\/wp\/v2\/posts\/688\/revisions"}],"predecessor-version":[{"id":689,"href":"https:\/\/radiowebmx.com\/nota\/wp-json\/wp\/v2\/posts\/688\/revisions\/689"}],"wp:attachment":[{"href":"https:\/\/radiowebmx.com\/nota\/wp-json\/wp\/v2\/media?parent=688"}],"wp:term":[{"taxonomy":"category","embeddable":true,"href":"https:\/\/radiowebmx.com\/nota\/wp-json\/wp\/v2\/categories?post=688"},{"taxonomy":"post_tag","embeddable":true,"href":"https:\/\/radiowebmx.com\/nota\/wp-json\/wp\/v2\/tags?post=688"}],"curies":[{"name":"wp","href":"https:\/\/api.w.org\/{rel}","templated":true}]}}