{"id":68794,"date":"2019-10-24T17:54:11","date_gmt":"2019-10-24T22:54:11","guid":{"rendered":"https:\/\/radiowebmx.com\/nota\/?p=68794"},"modified":"2019-10-24T17:54:11","modified_gmt":"2019-10-24T22:54:11","slug":"convoca-lucila-martinez-a-fortalecer-cultura-contra-la-discriminacion","status":"publish","type":"post","link":"https:\/\/radiowebmx.com\/nota\/convoca-lucila-martinez-a-fortalecer-cultura-contra-la-discriminacion\/","title":{"rendered":"Convoca Lucila Mart\u00ednez a fortalecer cultura contra la discriminaci\u00f3n"},"content":{"rendered":"<p>\u201cEn M\u00e9xico debe pugnarse y fortalecer la cultura contra la discriminaci\u00f3n, para lograr una sociedad con igualdad para todos, ya que la desigualdad es indicadora de un desarrollo deficiente, generadora de abusos, omisiones y violencia\u201d, afirm\u00f3 la diputada presidenta de la Comisi\u00f3n de Igualdad Sustantiva y de G\u00e9nero en la LXXIV Legislatura en el Congreso del Estado, Lucila Mart\u00ednez Manr\u00edquez.<\/p>\n<p>Durante una reuni\u00f3n con diversos sectores sociales, en la que se coincidi\u00f3 en la necesidad de cerrar filas contra la discriminaci\u00f3n y violencia, la legisladora convoc\u00f3 a que, desde el hogar, se concientice a la familia sobre el respeto y valores.<\/p>\n<p>La legisladora hizo hincapi\u00e9 en la necesidad de que se fortalezca la cultura contra la discriminaci\u00f3n, lo cual es un reclamo de justicia para diversos sectores de la poblaci\u00f3n, por lo que se debe avanzar en la defensa de derechos fundamentales y garantizar el respeto para todos, a fin de tener una sociedad en armon\u00eda.<\/p>\n<p>Lucila Mart\u00ednez reiter\u00f3 que es necesario dar m\u00e1s pasos firmes contra la discriminaci\u00f3n en M\u00e9xico, ya que la preferencia sexual, el origen, la religi\u00f3n, el color de piel y la condici\u00f3n social y f\u00edsica persisten como motivos principales para discriminar a personas en nuestro pa\u00eds.<\/p>\n<p>El Consejo para Prevenir y Eliminar la Discriminaci\u00f3n en M\u00e9xico ha se\u00f1alado a las personas ind\u00edgenas como las m\u00e1s discriminadas en el pa\u00eds, por su forma de vestir o hablar, pese a la visibilizaci\u00f3n que por d\u00e9cadas se ha dado en nuestro pa\u00eds de la importancia, problem\u00e1tica y realidad ind\u00edgena.<\/p>\n<p>Por ende, la diputada hizo votos para que los tres diversos niveles de gobierno, desde la Federaci\u00f3n, recapitule en su pol\u00edtica y programas de gobierno, y que se observe una mayor altura de miras en el quehacer p\u00fablico para instrumentar efectivas leyes que permitan acabar con formas nocivas como lo es la discriminaci\u00f3n.<\/p>\n<p>Record\u00f3 que la discapacidad tambi\u00e9n permanece como causa de discriminaci\u00f3n, tanto que el 48 por ciento de las personas que la tienen consideran que son discriminadas, lo cual debe ser erradicado.<\/p>\n<p>Finamente, hizo menci\u00f3n que la discriminaci\u00f3n por preferencias sexuales de las personas es otro de los grandes problemas en el pa\u00eds, tanto que los cr\u00edmenes por odio persisten y las agresiones a personas de la comunidad l\u00e9sbico-gay son cada d\u00eda m\u00e1s brutales<\/p>\n","protected":false},"excerpt":{"rendered":"<p>\u201cEn M\u00e9xico debe pugnarse y fortalecer la cultura contra la discriminaci\u00f3n, para lograr una sociedad con igualdad para todos, ya que la desigualdad es indicadora de un desarrollo deficiente, generadora de abusos, omisiones y violencia\u201d, afirm\u00f3 la diputada presidenta de la Comisi\u00f3n de Igualdad Sustantiva y de G\u00e9nero en la LXXIV Legislatura en el Congreso [&hellip;]<\/p>\n","protected":false},"author":2,"featured_media":68795,"comment_status":"closed","ping_status":"closed","sticky":false,"template":"","format":"standard","meta":{"footnotes":""},"categories":[6],"tags":[],"class_list":["post-68794","post","type-post","status-publish","format-standard","has-post-thumbnail","hentry","category-congreso-del-estado"],"_links":{"self":[{"href":"https:\/\/radiowebmx.com\/nota\/wp-json\/wp\/v2\/posts\/68794","targetHints":{"allow":["GET"]}}],"collection":[{"href":"https:\/\/radiowebmx.com\/nota\/wp-json\/wp\/v2\/posts"}],"about":[{"href":"https:\/\/radiowebmx.com\/nota\/wp-json\/wp\/v2\/types\/post"}],"author":[{"embeddable":true,"href":"https:\/\/radiowebmx.com\/nota\/wp-json\/wp\/v2\/users\/2"}],"replies":[{"embeddable":true,"href":"https:\/\/radiowebmx.com\/nota\/wp-json\/wp\/v2\/comments?post=68794"}],"version-history":[{"count":1,"href":"https:\/\/radiowebmx.com\/nota\/wp-json\/wp\/v2\/posts\/68794\/revisions"}],"predecessor-version":[{"id":68796,"href":"https:\/\/radiowebmx.com\/nota\/wp-json\/wp\/v2\/posts\/68794\/revisions\/68796"}],"wp:featuredmedia":[{"embeddable":true,"href":"https:\/\/radiowebmx.com\/nota\/wp-json\/wp\/v2\/media\/68795"}],"wp:attachment":[{"href":"https:\/\/radiowebmx.com\/nota\/wp-json\/wp\/v2\/media?parent=68794"}],"wp:term":[{"taxonomy":"category","embeddable":true,"href":"https:\/\/radiowebmx.com\/nota\/wp-json\/wp\/v2\/categories?post=68794"},{"taxonomy":"post_tag","embeddable":true,"href":"https:\/\/radiowebmx.com\/nota\/wp-json\/wp\/v2\/tags?post=68794"}],"curies":[{"name":"wp","href":"https:\/\/api.w.org\/{rel}","templated":true}]}}