{"id":68782,"date":"2019-10-23T17:48:06","date_gmt":"2019-10-23T22:48:06","guid":{"rendered":"https:\/\/radiowebmx.com\/nota\/?p=68782"},"modified":"2019-10-23T17:48:06","modified_gmt":"2019-10-23T22:48:06","slug":"tono-garcia-presenta-iniciativa-para-garantizar-el-derecho-al-descanso","status":"publish","type":"post","link":"https:\/\/radiowebmx.com\/nota\/tono-garcia-presenta-iniciativa-para-garantizar-el-derecho-al-descanso\/","title":{"rendered":"To\u00f1o Garc\u00eda presenta iniciativa para garantizar el derecho al descanso"},"content":{"rendered":"<p>Al incluir en la Constituci\u00f3n Mexicana, el derecho al descanso, ocio, recreaci\u00f3n y disfrute del tiempo libre, como un Derecho Humano que contribuye al sano desarrollo y bienestar de un individuo, se estar\u00eda incentivando la interrelaci\u00f3n social y el progreso econ\u00f3mico, destac\u00f3 el Senador de la Rep\u00fablica, To\u00f1o Garc\u00eda.<br \/>\nTras presentar su iniciativa en el pleno, el Presidente de la Comisi\u00f3n de Turismo, destac\u00f3 que con este derecho tambi\u00e9n se estar\u00eda impulsando de manera potente al sector tur\u00edstico, ya que existen grandes posibilidades de que la gente utilice su tiempo libre para viajar.<br \/>\nManifest\u00f3 que la Organizaci\u00f3n Mundial de Salud (OMS) y la Organizaci\u00f3n de las Naciones Unidas para la Educaci\u00f3n, la Ciencia y la Cultura (UNESCO), mediante estudios, establece que el descanso, la recreaci\u00f3n y disfrute del tiempo libre, es un factor necesario para la salud y el bienestar de las personas.<br \/>\n\u201cNo hay que olvidar que nuestro pa\u00eds, de acuerdo con la OMS, y el propio Instituto Mexicano del Seguro Social, tiene el primer lugar en estr\u00e9s laboral (75%), por encima de pa\u00edses como China (73%) y Estados Unidos (59%), las dos econom\u00edas m\u00e1s grandes del planeta\u201d.<br \/>\nAgreg\u00f3 que en cuanto al turismo se atraen recursos econ\u00f3micos y estimula el desarrollo de las comunidades, ya que se abren espacios que fomentan el desarrollo de la convivencia y mejora la motivaci\u00f3n para visitar un lugar o regi\u00f3n.<br \/>\n\u201cLo anterior, de acuerdo con el propio art\u00edculo 7\u00ba. del C\u00f3digo \u00c9tico Mundial para el Turismo, de la Organizaci\u00f3n Mundial de Turismo, que establece que el derecho al turismo debe entenderse como consecuencia del derecho humano al descanso y al ocio, y en particular a la limitaci\u00f3n razonable de la duraci\u00f3n del trabajo y a las vacaciones pagadas peri\u00f3dicas, que se garantiza en el art\u00edculo 24 de la Declaraci\u00f3n Universal de los Derechos Humanos\u201d.<\/p>\n","protected":false},"excerpt":{"rendered":"<p>Al incluir en la Constituci\u00f3n Mexicana, el derecho al descanso, ocio, recreaci\u00f3n y disfrute del tiempo libre, como un Derecho Humano que contribuye al sano desarrollo y bienestar de un individuo, se estar\u00eda incentivando la interrelaci\u00f3n social y el progreso econ\u00f3mico, destac\u00f3 el Senador de la Rep\u00fablica, To\u00f1o Garc\u00eda. Tras presentar su iniciativa en el [&hellip;]<\/p>\n","protected":false},"author":2,"featured_media":68783,"comment_status":"closed","ping_status":"closed","sticky":false,"template":"","format":"standard","meta":{"footnotes":""},"categories":[6],"tags":[],"class_list":["post-68782","post","type-post","status-publish","format-standard","has-post-thumbnail","hentry","category-congreso-del-estado"],"_links":{"self":[{"href":"https:\/\/radiowebmx.com\/nota\/wp-json\/wp\/v2\/posts\/68782","targetHints":{"allow":["GET"]}}],"collection":[{"href":"https:\/\/radiowebmx.com\/nota\/wp-json\/wp\/v2\/posts"}],"about":[{"href":"https:\/\/radiowebmx.com\/nota\/wp-json\/wp\/v2\/types\/post"}],"author":[{"embeddable":true,"href":"https:\/\/radiowebmx.com\/nota\/wp-json\/wp\/v2\/users\/2"}],"replies":[{"embeddable":true,"href":"https:\/\/radiowebmx.com\/nota\/wp-json\/wp\/v2\/comments?post=68782"}],"version-history":[{"count":1,"href":"https:\/\/radiowebmx.com\/nota\/wp-json\/wp\/v2\/posts\/68782\/revisions"}],"predecessor-version":[{"id":68784,"href":"https:\/\/radiowebmx.com\/nota\/wp-json\/wp\/v2\/posts\/68782\/revisions\/68784"}],"wp:featuredmedia":[{"embeddable":true,"href":"https:\/\/radiowebmx.com\/nota\/wp-json\/wp\/v2\/media\/68783"}],"wp:attachment":[{"href":"https:\/\/radiowebmx.com\/nota\/wp-json\/wp\/v2\/media?parent=68782"}],"wp:term":[{"taxonomy":"category","embeddable":true,"href":"https:\/\/radiowebmx.com\/nota\/wp-json\/wp\/v2\/categories?post=68782"},{"taxonomy":"post_tag","embeddable":true,"href":"https:\/\/radiowebmx.com\/nota\/wp-json\/wp\/v2\/tags?post=68782"}],"curies":[{"name":"wp","href":"https:\/\/api.w.org\/{rel}","templated":true}]}}