{"id":68767,"date":"2019-10-23T17:34:05","date_gmt":"2019-10-23T22:34:05","guid":{"rendered":"https:\/\/radiowebmx.com\/nota\/?p=68767"},"modified":"2019-10-23T17:34:05","modified_gmt":"2019-10-23T22:34:05","slug":"anuncia-humberto-gonzalez-cursos-y-talleres-en-huandacareo-puruandiro-y-jimenez","status":"publish","type":"post","link":"https:\/\/radiowebmx.com\/nota\/anuncia-humberto-gonzalez-cursos-y-talleres-en-huandacareo-puruandiro-y-jimenez\/","title":{"rendered":"Anuncia Humberto Gonz\u00e1lez cursos y talleres en Huandacareo, Puru\u00e1ndiro y Jim\u00e9nez"},"content":{"rendered":"<p>Convencido de que la educaci\u00f3n es el medio id\u00f3neo para reducir la desigualdad y generar oportunidades de desarrollo, el diputado local, Humberto Gonz\u00e1lez Villag\u00f3mez, anunci\u00f3 que pondr\u00e1 al alcance de ni\u00f1as y ni\u00f1os un curso de ingl\u00e9s, clases de regularizaci\u00f3n y un taller de lectura y redacci\u00f3n en los municipios de Huandacareo, Puru\u00e1ndiro y Jim\u00e9nez.<\/p>\n<p>Atendiendo una de las principales demandas de la poblaci\u00f3n de su Distrito de Puru\u00e1ndiro, el diputado realizar\u00e1 estas acciones en sus casas de gesti\u00f3n y enlace legislativo, dando inicio \u2013 el primer curso \u2013 en Huandacareo, el pr\u00f3ximo 6 de noviembre, que concluir\u00e1 en el mes de marzo.<\/p>\n<p>Detall\u00f3, que este curso de ingl\u00e9s ser\u00e1 para ni\u00f1as y ni\u00f1os de 9 a 11 a\u00f1os, el cual ser\u00e1 impartido por profesionales; por lo que, convoc\u00f3 a padres de familia acudir a la casa de enlace a inscribir a sus hijos.<\/p>\n<p>El legislador integrante del Grupo Parlamentario del PRD en el Congreso del Estado, manifest\u00f3 que es fundamental que los menores aprendan otros idiomas y m\u00e1s desde la infancia, ya que es cuando se tiene la capacidad de aprender m\u00e1s r\u00e1pido y ello, les generar\u00e1 m\u00e1s oportunidades en el futuro.<\/p>\n<p>\u201cAprender una lengua o idioma mejora las habilidades creativas, mentales y de razonamiento; por ello, es que invito a los padres de familia a que inscriban a sus hijos, porque no s\u00f3lo es un curso, es un programa completo de ingl\u00e9s el que brindaremos en la casa de enlace\u201d, se\u00f1al\u00f3.<\/p>\n<p>El primer m\u00f3dulo se divide en tres partes: Let\u00b4s remember, Knowing people y Vocabulary, refiri\u00f3 el diputado local, tras reiterar que su compromiso es con la ni\u00f1ez; por ello, es que est\u00e1 atendido las principales demandas de la poblaci\u00f3n en cuanto a las necesidades para su formaci\u00f3n.<\/p>\n<p>Asimismo, anunci\u00f3 que en Puru\u00e1ndiro, en su casa de gesti\u00f3n y enlace legislativo, pondr\u00e1 en marcha un curso de regularizaci\u00f3n para menores de 9 a 12 a\u00f1os de edad, de las materias de espa\u00f1ol, matem\u00e1ticas, geograf\u00eda y ciencias naturales.<\/p>\n<p>La finalidad es apoyar a las y los ni\u00f1os para que se regularicen en su formaci\u00f3n y garantizar un mejor aprovechamiento de los peque\u00f1os en las aulas, curso que es totalmente gratuito para apoyar a las familias.<\/p>\n<p>Humberto Gonz\u00e1lez anunci\u00f3 tambi\u00e9n un taller de lectura y redacci\u00f3n en el municipio de Jim\u00e9nez para menores de 9 a 12 a\u00f1os, en su casa de enlace y gesti\u00f3n, mismo que arrancar\u00e1 el pr\u00f3ximo 13 de noviembre.<\/p>\n<p>Finalmente, el diputado convoc\u00f3 a los padres de familia a inscribir a sus hijos en estos cursos, talleres y clases, los cuales son puestos en marcha para impulsar las capacidades de los menores y contribuir en su formaci\u00f3n.<\/p>\n","protected":false},"excerpt":{"rendered":"<p>Convencido de que la educaci\u00f3n es el medio id\u00f3neo para reducir la desigualdad y generar oportunidades de desarrollo, el diputado local, Humberto Gonz\u00e1lez Villag\u00f3mez, anunci\u00f3 que pondr\u00e1 al alcance de ni\u00f1as y ni\u00f1os un curso de ingl\u00e9s, clases de regularizaci\u00f3n y un taller de lectura y redacci\u00f3n en los municipios de Huandacareo, Puru\u00e1ndiro y Jim\u00e9nez. [&hellip;]<\/p>\n","protected":false},"author":2,"featured_media":68768,"comment_status":"closed","ping_status":"closed","sticky":false,"template":"","format":"standard","meta":{"footnotes":""},"categories":[6],"tags":[],"class_list":["post-68767","post","type-post","status-publish","format-standard","has-post-thumbnail","hentry","category-congreso-del-estado"],"_links":{"self":[{"href":"https:\/\/radiowebmx.com\/nota\/wp-json\/wp\/v2\/posts\/68767","targetHints":{"allow":["GET"]}}],"collection":[{"href":"https:\/\/radiowebmx.com\/nota\/wp-json\/wp\/v2\/posts"}],"about":[{"href":"https:\/\/radiowebmx.com\/nota\/wp-json\/wp\/v2\/types\/post"}],"author":[{"embeddable":true,"href":"https:\/\/radiowebmx.com\/nota\/wp-json\/wp\/v2\/users\/2"}],"replies":[{"embeddable":true,"href":"https:\/\/radiowebmx.com\/nota\/wp-json\/wp\/v2\/comments?post=68767"}],"version-history":[{"count":1,"href":"https:\/\/radiowebmx.com\/nota\/wp-json\/wp\/v2\/posts\/68767\/revisions"}],"predecessor-version":[{"id":68769,"href":"https:\/\/radiowebmx.com\/nota\/wp-json\/wp\/v2\/posts\/68767\/revisions\/68769"}],"wp:featuredmedia":[{"embeddable":true,"href":"https:\/\/radiowebmx.com\/nota\/wp-json\/wp\/v2\/media\/68768"}],"wp:attachment":[{"href":"https:\/\/radiowebmx.com\/nota\/wp-json\/wp\/v2\/media?parent=68767"}],"wp:term":[{"taxonomy":"category","embeddable":true,"href":"https:\/\/radiowebmx.com\/nota\/wp-json\/wp\/v2\/categories?post=68767"},{"taxonomy":"post_tag","embeddable":true,"href":"https:\/\/radiowebmx.com\/nota\/wp-json\/wp\/v2\/tags?post=68767"}],"curies":[{"name":"wp","href":"https:\/\/api.w.org\/{rel}","templated":true}]}}