{"id":68764,"date":"2019-10-23T17:32:54","date_gmt":"2019-10-23T22:32:54","guid":{"rendered":"https:\/\/radiowebmx.com\/nota\/?p=68764"},"modified":"2019-10-23T17:32:54","modified_gmt":"2019-10-23T22:32:54","slug":"reforma-a-poder-judicial-en-mexico-debe-fortalecer-autonomia-y-no-vulnerarla-antonio-soto","status":"publish","type":"post","link":"https:\/\/radiowebmx.com\/nota\/reforma-a-poder-judicial-en-mexico-debe-fortalecer-autonomia-y-no-vulnerarla-antonio-soto\/","title":{"rendered":"Reforma a Poder Judicial en M\u00e9xico debe fortalecer autonom\u00eda y no vulnerarla: Antonio Soto"},"content":{"rendered":"<ul>\n<li>El equilibrio y la independencia de Poderes en la Rep\u00fablica debe permanecer como garante de derecho para todas y todos los mexicanos<\/li>\n<\/ul>\n<p>&nbsp;<\/p>\n<div>La reforma al Poder Judicial en M\u00e9xico debe fortalecer su autonom\u00eda y no vulnerarla ya que de ello depende la prevalencia del Estado de Derecho en nuestro pa\u00eds, subray\u00f3 el diputado Antonio Soto S\u00e1nchez del Grupo Parlamentario del Partido de la Revoluci\u00f3n Democr\u00e1tica en la LXXIV Legislatura del Congreso del Estado.<\/p>\n<p>El legislador consider\u00f3 necesario estar alerta sobre intentos golpistas al Poder Judicial disfrazados de adecuaciones normativas para su fortalecimiento.<\/p>\n<p>Dijo que de los planteamientos que p\u00fablicamente se conocen hasta el momento, el fortalecimiento de la Judicatura Federal dot\u00e1ndola incluso de cierta autonom\u00eda puede ser un acierto, s\u00f3lo si se acota al Poder Ejecutivo para que ejerza actos de intromisi\u00f3n a partir de los cuales se pretenda la cacer\u00eda y sanci\u00f3n de ministros y jueces que resultan inc\u00f3modos y no le son favorables al r\u00e9gimen en turno.<\/p>\n<p>En ese sentido, Antonio Soto asegur\u00f3 que los diputados de oposici\u00f3n en el Congreso Federal deber\u00e1n estar vigilantes de que el Poder Judicial no se vea vulnerado, y que se ataje cualquier intento de sumisi\u00f3n frente a otros poderes del Estado.<\/p>\n<p>\u201cEste asunto no ata\u00f1e s\u00f3lo a los legisladores federales ni a los poderes p\u00fablicos en lo federal, es de inter\u00e9s general, pues el equilibrio y la independencia de Poderes en la Rep\u00fablica debe permanecer como garante de derecho para todas y todos los mexicanos\u201d.<\/p>\n<p>Puntualiz\u00f3 que como parte del Constituyente Permanente desde la LXXIV Legislatura local, estar\u00e1n atentos al desarrollo de los trabajos y de la discusi\u00f3n nacional, con la perspectiva de que de concretarse alguna reforma constitucional en la materia, y precisar la intervenci\u00f3n de los Congresos locales para aprobarla o rechazarla, en Michoac\u00e1n haga plena claridad del contenido y los alcances que se plantean para evitar vulneraciones desde el propio texto constitucional a la independencia del Poder Judicial.<\/p><\/div>\n","protected":false},"excerpt":{"rendered":"<p>El equilibrio y la independencia de Poderes en la Rep\u00fablica debe permanecer como garante de derecho para todas y todos los mexicanos &nbsp; La reforma al Poder Judicial en M\u00e9xico debe fortalecer su autonom\u00eda y no vulnerarla ya que de ello depende la prevalencia del Estado de Derecho en nuestro pa\u00eds, subray\u00f3 el diputado Antonio [&hellip;]<\/p>\n","protected":false},"author":2,"featured_media":68765,"comment_status":"closed","ping_status":"closed","sticky":false,"template":"","format":"standard","meta":{"footnotes":""},"categories":[6],"tags":[],"class_list":["post-68764","post","type-post","status-publish","format-standard","has-post-thumbnail","hentry","category-congreso-del-estado"],"_links":{"self":[{"href":"https:\/\/radiowebmx.com\/nota\/wp-json\/wp\/v2\/posts\/68764","targetHints":{"allow":["GET"]}}],"collection":[{"href":"https:\/\/radiowebmx.com\/nota\/wp-json\/wp\/v2\/posts"}],"about":[{"href":"https:\/\/radiowebmx.com\/nota\/wp-json\/wp\/v2\/types\/post"}],"author":[{"embeddable":true,"href":"https:\/\/radiowebmx.com\/nota\/wp-json\/wp\/v2\/users\/2"}],"replies":[{"embeddable":true,"href":"https:\/\/radiowebmx.com\/nota\/wp-json\/wp\/v2\/comments?post=68764"}],"version-history":[{"count":1,"href":"https:\/\/radiowebmx.com\/nota\/wp-json\/wp\/v2\/posts\/68764\/revisions"}],"predecessor-version":[{"id":68766,"href":"https:\/\/radiowebmx.com\/nota\/wp-json\/wp\/v2\/posts\/68764\/revisions\/68766"}],"wp:featuredmedia":[{"embeddable":true,"href":"https:\/\/radiowebmx.com\/nota\/wp-json\/wp\/v2\/media\/68765"}],"wp:attachment":[{"href":"https:\/\/radiowebmx.com\/nota\/wp-json\/wp\/v2\/media?parent=68764"}],"wp:term":[{"taxonomy":"category","embeddable":true,"href":"https:\/\/radiowebmx.com\/nota\/wp-json\/wp\/v2\/categories?post=68764"},{"taxonomy":"post_tag","embeddable":true,"href":"https:\/\/radiowebmx.com\/nota\/wp-json\/wp\/v2\/tags?post=68764"}],"curies":[{"name":"wp","href":"https:\/\/api.w.org\/{rel}","templated":true}]}}