{"id":68761,"date":"2019-10-23T17:31:05","date_gmt":"2019-10-23T22:31:05","guid":{"rendered":"https:\/\/radiowebmx.com\/nota\/?p=68761"},"modified":"2019-10-23T17:31:05","modified_gmt":"2019-10-23T22:31:05","slug":"se-deben-generar-condiciones-para-fortalecer-las-capacidades-y-desarrollo-de-nuestros-medicos-araceli-saucedo","status":"publish","type":"post","link":"https:\/\/radiowebmx.com\/nota\/se-deben-generar-condiciones-para-fortalecer-las-capacidades-y-desarrollo-de-nuestros-medicos-araceli-saucedo\/","title":{"rendered":"Se deben generar condiciones para fortalecer las capacidades y desarrollo de nuestros m\u00e9dicos: Araceli Saucedo"},"content":{"rendered":"<ul>\n<li>Al conmemorarse este mi\u00e9rcoles en M\u00e9xico el D\u00eda del M\u00e9dico, la legisladora apunt\u00f3 que en nuestro pa\u00eds existe la necesidad de repensar el sistema de salud<\/li>\n<\/ul>\n<div><\/div>\n<div>\nEn M\u00e9xico se deben generar las condiciones necesarias para fortalecer las capacidades y el desarrollo profesional de nuestros m\u00e9dicos, ya que son ellos pieza esencial en el pa\u00eds para garantizar el derecho a la salud, subray\u00f3 la diputada Araceli Saucedo Reyes, coordinadora del Grupo Parlamentario del Partido de la Revoluci\u00f3n Democr\u00e1tica en la LXXIV Legislatura del Congreso del Estado.<\/p>\n<p>Al conmemorarse este mi\u00e9rcoles en M\u00e9xico el D\u00eda del M\u00e9dico, la legisladora por el Distrito de P\u00e1tzcuaro apunt\u00f3 que en nuestro pa\u00eds existe la necesidad de repensar el sistema de salud y las condiciones que los m\u00e9dicos tienen para desarrollarse profesionalmente en \u00e9ste.<\/p>\n<p>Record\u00f3 que en nuestro pa\u00eds, el D\u00eda del M\u00e9dico se conmemora cada 23 de octubre luego que dicha fecha se determin\u00f3 en 1937, durante la Convenci\u00f3n de Sindicatos M\u00e9dicos Confederados de la Rep\u00fablica, todo ello con la finalidad de reconocer la vocaci\u00f3n de servicio, sensibilidad, disposici\u00f3n y entrega permanentes de los doctores que han transformado y salvado millones de vidas en este pa\u00eds.<\/p>\n<p>\u201cPor un lado vemos concentraci\u00f3n y sobredemanda de m\u00e9dicos en las zonas urbanas con un 79 por ciento, y por otro encontramos un d\u00e9ficit en las localidades rurales, mientras miles de egresados de Medicina del pa\u00eds no tienen empleo al momento de concluir sus estudios\u201d.<\/p>\n<p>Conforme a los datos oficiales, Saucedo Reyes apunt\u00f3 que en promedio cada a\u00f1o en M\u00e9xico egresan alrededor de 14 mil m\u00e9dicos, los que se enfrentan a un panorama en d\u00f3nde s\u00f3lo existe la oferta de siete mil residencias m\u00e9dicas y mil para medicina en general, por lo que cerca de seis mil profesionistas quedan al aire, sin empleo pese a contar con todas las capacidades para atender el d\u00e9ficit que existe en m\u00faltiples regiones del pa\u00eds.<\/p>\n<p>Asimismo la legisladora coment\u00f3 que de acuerdo a las cifras de INEGI en nuestro pa\u00eds existen cerca de 366 mil m\u00e9dicos, quienes en promedio trabajan 40 horas a la semana y ganan 102.46 pesos por hora trabajada; casi 72% trabaja en el sector p\u00fablico y el resto en los servicios m\u00e9dicos privados.<\/p><\/div>\n","protected":false},"excerpt":{"rendered":"<p>Al conmemorarse este mi\u00e9rcoles en M\u00e9xico el D\u00eda del M\u00e9dico, la legisladora apunt\u00f3 que en nuestro pa\u00eds existe la necesidad de repensar el sistema de salud En M\u00e9xico se deben generar las condiciones necesarias para fortalecer las capacidades y el desarrollo profesional de nuestros m\u00e9dicos, ya que son ellos pieza esencial en el pa\u00eds para [&hellip;]<\/p>\n","protected":false},"author":2,"featured_media":68762,"comment_status":"closed","ping_status":"closed","sticky":false,"template":"","format":"standard","meta":{"footnotes":""},"categories":[6],"tags":[],"class_list":["post-68761","post","type-post","status-publish","format-standard","has-post-thumbnail","hentry","category-congreso-del-estado"],"_links":{"self":[{"href":"https:\/\/radiowebmx.com\/nota\/wp-json\/wp\/v2\/posts\/68761","targetHints":{"allow":["GET"]}}],"collection":[{"href":"https:\/\/radiowebmx.com\/nota\/wp-json\/wp\/v2\/posts"}],"about":[{"href":"https:\/\/radiowebmx.com\/nota\/wp-json\/wp\/v2\/types\/post"}],"author":[{"embeddable":true,"href":"https:\/\/radiowebmx.com\/nota\/wp-json\/wp\/v2\/users\/2"}],"replies":[{"embeddable":true,"href":"https:\/\/radiowebmx.com\/nota\/wp-json\/wp\/v2\/comments?post=68761"}],"version-history":[{"count":1,"href":"https:\/\/radiowebmx.com\/nota\/wp-json\/wp\/v2\/posts\/68761\/revisions"}],"predecessor-version":[{"id":68763,"href":"https:\/\/radiowebmx.com\/nota\/wp-json\/wp\/v2\/posts\/68761\/revisions\/68763"}],"wp:featuredmedia":[{"embeddable":true,"href":"https:\/\/radiowebmx.com\/nota\/wp-json\/wp\/v2\/media\/68762"}],"wp:attachment":[{"href":"https:\/\/radiowebmx.com\/nota\/wp-json\/wp\/v2\/media?parent=68761"}],"wp:term":[{"taxonomy":"category","embeddable":true,"href":"https:\/\/radiowebmx.com\/nota\/wp-json\/wp\/v2\/categories?post=68761"},{"taxonomy":"post_tag","embeddable":true,"href":"https:\/\/radiowebmx.com\/nota\/wp-json\/wp\/v2\/tags?post=68761"}],"curies":[{"name":"wp","href":"https:\/\/api.w.org\/{rel}","templated":true}]}}