{"id":68752,"date":"2019-10-22T17:49:03","date_gmt":"2019-10-22T22:49:03","guid":{"rendered":"https:\/\/radiowebmx.com\/nota\/?p=68752"},"modified":"2019-10-22T17:49:10","modified_gmt":"2019-10-22T22:49:10","slug":"cabildo-por-mayoria-aprueba-pagar-credito-por-mas-de-7-millones-de-pesos-parte-de-la-deuda-heredada-por-la-administracion-2012-2015","status":"publish","type":"post","link":"https:\/\/radiowebmx.com\/nota\/cabildo-por-mayoria-aprueba-pagar-credito-por-mas-de-7-millones-de-pesos-parte-de-la-deuda-heredada-por-la-administracion-2012-2015\/","title":{"rendered":"Cabildo por mayor\u00eda aprueba pagar cr\u00e9dito por m\u00e1s de 7 millones de pesos, parte de  la deuda heredada por la administraci\u00f3n 2012 \u2013 2015."},"content":{"rendered":"<p>Por Noti-fast<\/p>\n<p>En sesi\u00f3n extraordinaria de Cabildo, por mayor\u00eda se aprob\u00f3 pagar al Servicio de Administraci\u00f3n Tributaria (SAT), v\u00eda Secretar\u00eda de Finanzas y Administraci\u00f3n, un cr\u00e9dito de 7 millones 461 mil 339 pesos y 50 centavos, el cual es uno de dos que fueron contra\u00eddos por la administraci\u00f3n 2012 \u2013 2015 por concepto de retenci\u00f3n a los trabajadores del Impuesto Sobre la Renta (ISR) pero que no enter\u00f3 a la citada dependencia federal y que ha sido heredada a la actual administraci\u00f3n municipal.<\/p>\n<p>Durante la sesi\u00f3n que fue presidida por el Presidente Municipal, Ing. Salvador Barrera Medrano, los votos a favor fueron de las y los regidores Guillermina Aguilar Aguilar, Mar\u00eda Elena Aguirre Arreola, Erandi Caridad \u00c1valos Garc\u00eda, Juan Luis Aguado M\u00e9ndez, Reginaldo Anaya Gonz\u00e1lez y Rafael Maldonado Sald\u00edvar, mientras que en contra sufragaron Graciela Ch\u00e1vez Olvera, Mar\u00eda Veneranda Ceja Vargas, Jos\u00e9 Manuel Herrera Villa y Juan Adolfo G\u00e1mez Ju\u00e1rez.<\/p>\n<p>El pago es una orden judicial, ya que la administraci\u00f3n 2015 \u2013 2018 le dio seguimiento pero perdi\u00f3 el juicio, por lo que ahora el pago al Servicio de Administraci\u00f3n Tributaria del citado impuesto debe hacerse, ya sea un una sola exhibici\u00f3n o descontando de las participaciones mensuales, con la diferencia que al ser pago \u00fanico se obtiene un descuento de hasta el 70 por ciento de recargos, de lo contrario la cifra se incrementa.<\/p>\n<p>Este es uno de dos cr\u00e9ditos contra\u00eddos por la administraci\u00f3n 2012 \u2013 2015 y se ser\u00e1 pagado con dinero disponible en las arcas del Ayuntamiento, ya que el segundo, que supera los tres millones de pesos, se buscar\u00e1 un cr\u00e9dito con el Gobierno Estatal ya que se escapa de las posibilidades locales.<\/p>\n<p>Para salir esta contingencia se est\u00e1n implementando acciones de austeridad que generar\u00e1 al Ayuntamiento ahorro de recursos, sumado a programas de recaudaci\u00f3n que permiten la captaci\u00f3n de recursos de contribuyentes que no est\u00e1n al corriente de impuestos locales.<\/p>\n<p>Es importante mencionar que la cifra del adeudo se modific\u00f3 al ser sometida a actualizaciones hechas por la Secretar\u00eda de Finanzas y Administraci\u00f3n mediante la Direcci\u00f3n de Recaudaci\u00f3n a trav\u00e9s del Departamento de Cr\u00e9ditos Fiscales, raz\u00f3n por la cual por segunda vez fue analizada, discutida y aprobada en sesi\u00f3n de Cabildo.<\/p>\n","protected":false},"excerpt":{"rendered":"<p>Por Noti-fast En sesi\u00f3n extraordinaria de Cabildo, por mayor\u00eda se aprob\u00f3 pagar al Servicio de Administraci\u00f3n Tributaria (SAT), v\u00eda Secretar\u00eda de Finanzas y Administraci\u00f3n, un cr\u00e9dito de 7 millones 461 mil 339 pesos y 50 centavos, el cual es uno de dos que fueron contra\u00eddos por la administraci\u00f3n 2012 \u2013 2015 por concepto de retenci\u00f3n [&hellip;]<\/p>\n","protected":false},"author":2,"featured_media":68753,"comment_status":"closed","ping_status":"closed","sticky":false,"template":"","format":"standard","meta":{"footnotes":""},"categories":[6],"tags":[],"class_list":["post-68752","post","type-post","status-publish","format-standard","has-post-thumbnail","hentry","category-congreso-del-estado"],"_links":{"self":[{"href":"https:\/\/radiowebmx.com\/nota\/wp-json\/wp\/v2\/posts\/68752","targetHints":{"allow":["GET"]}}],"collection":[{"href":"https:\/\/radiowebmx.com\/nota\/wp-json\/wp\/v2\/posts"}],"about":[{"href":"https:\/\/radiowebmx.com\/nota\/wp-json\/wp\/v2\/types\/post"}],"author":[{"embeddable":true,"href":"https:\/\/radiowebmx.com\/nota\/wp-json\/wp\/v2\/users\/2"}],"replies":[{"embeddable":true,"href":"https:\/\/radiowebmx.com\/nota\/wp-json\/wp\/v2\/comments?post=68752"}],"version-history":[{"count":1,"href":"https:\/\/radiowebmx.com\/nota\/wp-json\/wp\/v2\/posts\/68752\/revisions"}],"predecessor-version":[{"id":68754,"href":"https:\/\/radiowebmx.com\/nota\/wp-json\/wp\/v2\/posts\/68752\/revisions\/68754"}],"wp:featuredmedia":[{"embeddable":true,"href":"https:\/\/radiowebmx.com\/nota\/wp-json\/wp\/v2\/media\/68753"}],"wp:attachment":[{"href":"https:\/\/radiowebmx.com\/nota\/wp-json\/wp\/v2\/media?parent=68752"}],"wp:term":[{"taxonomy":"category","embeddable":true,"href":"https:\/\/radiowebmx.com\/nota\/wp-json\/wp\/v2\/categories?post=68752"},{"taxonomy":"post_tag","embeddable":true,"href":"https:\/\/radiowebmx.com\/nota\/wp-json\/wp\/v2\/tags?post=68752"}],"curies":[{"name":"wp","href":"https:\/\/api.w.org\/{rel}","templated":true}]}}