{"id":68749,"date":"2019-10-22T17:47:42","date_gmt":"2019-10-22T22:47:42","guid":{"rendered":"https:\/\/radiowebmx.com\/nota\/?p=68749"},"modified":"2019-10-22T17:47:42","modified_gmt":"2019-10-22T22:47:42","slug":"federacion-permite-humillacion-de-instituciones-del-estado-mexicano-gppan","status":"publish","type":"post","link":"https:\/\/radiowebmx.com\/nota\/federacion-permite-humillacion-de-instituciones-del-estado-mexicano-gppan\/","title":{"rendered":"Federaci\u00f3n permite humillaci\u00f3n de instituciones del Estado Mexicano: GPPAN"},"content":{"rendered":"<p>El Gobierno Federal permiti\u00f3 que el crimen organizado haya denostado, hist\u00f3ricamente, a las instituciones del estado mexicano, y busca justificar sus errores culpando a administraciones pasadas, donde trabajaron quienes hoy son los principales colaboradores de Andr\u00e9s Manuel L\u00f3pez Obrador.<\/p>\n<p>&nbsp;<\/p>\n<p>Javier Estrada C\u00e1rdenas, coordinador del Grupo Parlamentario del Partido Acci\u00f3n Nacional (GPPAN), dijo lo anterior y advirti\u00f3 que, de no corregir la estrategia de seguridad, el gobierno federal terminar\u00e1 por condenar a Michoac\u00e1n y al pa\u00eds.<\/p>\n<p>&nbsp;<\/p>\n<p>\u201cEl gobierno de Andr\u00e9s Manuel ense\u00f1\u00f3 al crimen organizado qu\u00e9 acciones tomar para encontrar esa salida de emergencia, para continuar con un estado fallido donde la delincuencia pueda operar en total impunidad\u201d, mencion\u00f3.<\/p>\n<p>&nbsp;<\/p>\n<p>Agreg\u00f3 que el Grupo Parlamentario del PAN es una oposici\u00f3n responsable y siempre apoyar\u00e1 todas las acciones que, en materia de seguridad, permitan garantizar la paz del pa\u00eds, pero no tolerar\u00e1 ning\u00fan tipo de simulaci\u00f3n para justificar graves errores como la liberaci\u00f3n de narcotraficantes.<\/p>\n<p>&nbsp;<\/p>\n<p>\u201cLa liberaci\u00f3n de uno de los delincuentes m\u00e1s buscados por Estados Unidos y M\u00e9xico s\u00f3lo deja entrever la existencia de un Estado fallido o, en el peor de los casos, la complicidad para que el crimen organizado tenga una impunidad total.<\/p>\n<p>&nbsp;<\/p>\n<p>Estrada C\u00e1rdenas precis\u00f3 que el tema de la seguridad debe ser visto sin tintes pol\u00edticos, y sin ning\u00fan tipo de justificaciones, anteponiendo siempre el inter\u00e9s com\u00fan de todos los ciudadanos, por lo que los tres niveles de gobierno deben mejorar las estrategias contra los distintos tipos de delincuencia<\/p>\n","protected":false},"excerpt":{"rendered":"<p>El Gobierno Federal permiti\u00f3 que el crimen organizado haya denostado, hist\u00f3ricamente, a las instituciones del estado mexicano, y busca justificar sus errores culpando a administraciones pasadas, donde trabajaron quienes hoy son los principales colaboradores de Andr\u00e9s Manuel L\u00f3pez Obrador. &nbsp; Javier Estrada C\u00e1rdenas, coordinador del Grupo Parlamentario del Partido Acci\u00f3n Nacional (GPPAN), dijo lo anterior [&hellip;]<\/p>\n","protected":false},"author":2,"featured_media":68750,"comment_status":"closed","ping_status":"closed","sticky":false,"template":"","format":"standard","meta":{"footnotes":""},"categories":[6],"tags":[],"class_list":["post-68749","post","type-post","status-publish","format-standard","has-post-thumbnail","hentry","category-congreso-del-estado"],"_links":{"self":[{"href":"https:\/\/radiowebmx.com\/nota\/wp-json\/wp\/v2\/posts\/68749","targetHints":{"allow":["GET"]}}],"collection":[{"href":"https:\/\/radiowebmx.com\/nota\/wp-json\/wp\/v2\/posts"}],"about":[{"href":"https:\/\/radiowebmx.com\/nota\/wp-json\/wp\/v2\/types\/post"}],"author":[{"embeddable":true,"href":"https:\/\/radiowebmx.com\/nota\/wp-json\/wp\/v2\/users\/2"}],"replies":[{"embeddable":true,"href":"https:\/\/radiowebmx.com\/nota\/wp-json\/wp\/v2\/comments?post=68749"}],"version-history":[{"count":1,"href":"https:\/\/radiowebmx.com\/nota\/wp-json\/wp\/v2\/posts\/68749\/revisions"}],"predecessor-version":[{"id":68751,"href":"https:\/\/radiowebmx.com\/nota\/wp-json\/wp\/v2\/posts\/68749\/revisions\/68751"}],"wp:featuredmedia":[{"embeddable":true,"href":"https:\/\/radiowebmx.com\/nota\/wp-json\/wp\/v2\/media\/68750"}],"wp:attachment":[{"href":"https:\/\/radiowebmx.com\/nota\/wp-json\/wp\/v2\/media?parent=68749"}],"wp:term":[{"taxonomy":"category","embeddable":true,"href":"https:\/\/radiowebmx.com\/nota\/wp-json\/wp\/v2\/categories?post=68749"},{"taxonomy":"post_tag","embeddable":true,"href":"https:\/\/radiowebmx.com\/nota\/wp-json\/wp\/v2\/tags?post=68749"}],"curies":[{"name":"wp","href":"https:\/\/api.w.org\/{rel}","templated":true}]}}