{"id":68740,"date":"2019-10-22T17:42:10","date_gmt":"2019-10-22T22:42:10","guid":{"rendered":"https:\/\/radiowebmx.com\/nota\/?p=68740"},"modified":"2019-10-22T17:42:10","modified_gmt":"2019-10-22T22:42:10","slug":"el-plazo-de-6-meses-para-reducir-la-inseguridad-se-cumple-hoy-y-la-violencia-en-el-pais-se-recrudece-estephany-santiago","status":"publish","type":"post","link":"https:\/\/radiowebmx.com\/nota\/el-plazo-de-6-meses-para-reducir-la-inseguridad-se-cumple-hoy-y-la-violencia-en-el-pais-se-recrudece-estephany-santiago\/","title":{"rendered":"EL PLAZO DE 6 MESES PARA REDUCIR LA INSEGURIDAD SE CUMPLE HOY Y LA VIOLENCIA EN EL PA\u00cdS SE RECRUDECE: ESTEPHANY SANTIAGO"},"content":{"rendered":"<p>El plazo que el mismo L\u00f3pez Obrador se fij\u00f3 para disminuir la violencia se cumple hoy, despu\u00e9s de los lamentables hechos acontecidos en\u00a0Minatitl\u00e1n, Veracruz. Ello, luego de que el mandatario aseverara que con la estrategia que implementar\u00edan y con el despliegue de la Guardia Nacional, el cual por cierto fue anticipado en algunas entidades del pa\u00eds, M\u00e9xico dejar\u00eda de ser un pa\u00eds violento e inseguro. Sin embargo, no hay resultados al respecto, sino por el contrario, s\u00f3lo expone pretextos y culpa a gobiernos anteriores, reproch\u00f3 Estephany Santiago Fern\u00e1ndez dirigente nacional del Partido de la Revoluci\u00f3n Democr\u00e1tica (PRD).<\/p>\n<p>&nbsp;<\/p>\n<p>&nbsp;<\/p>\n<p>&#8220;La violencia no ha disminuido, al contrario, esta ha aumentado, de abril a la fecha los homicidios van en ascenso, los feminicidios y la inseguridad en las calles son preocupantes, el gobierno federal se muestra indiferente ante lo que acontece y es claro que la estrategia que han implementado no ha dado resultados ni se ha mostrado un m\u00ednimo avance en la materia, de nada han servido las reuniones del gabinete de seguridad &#8220;, se\u00f1al\u00f3.<\/p>\n<p>&nbsp;<\/p>\n<p>&nbsp;<\/p>\n<p>La lideresa abund\u00f3 que las cifras son alarmantes. Si L\u00f3pez Obrador tiene otros datos, estos son ajenos a lo que sucede en nuestro pa\u00eds. &#8220;La ciudadan\u00eda no est\u00e1 \u2018feliz, feliz, feliz\u2019. De acuerdo a informaci\u00f3n period\u00edstica, de enero a la fecha se han registrado 29 mil 629 v\u00edctimas, la mayor violencia de que se tenga registro al inicio de un sexenio&#8221;.<\/p>\n<p>&nbsp;<\/p>\n<p>Al respecto a\u00f1adi\u00f3 que si el gobierno federal no da un golpe de tim\u00f3n a su estrategia en materia de seguridad no dar\u00e1 certeza ni seguridad en las calles, &#8220;los hechos tan lamentables que en d\u00edas recientes han acontecido en diversos estados de la Rep\u00fablica por ning\u00fan motivo deben repetirse, nuestro pa\u00eds no puede ser diariamente un ba\u00f1o de sangre&#8221;.<\/p>\n<p>&nbsp;<\/p>\n<p>&nbsp;<\/p>\n<p>Expres\u00f3 que lo acontecido en Culiac\u00e1n, Sinaloa fue una muestra de incapacidad e improvisaci\u00f3n del gobierno federal, fue un operativo mal ejecutado y se puso en riesgo a la ciudadan\u00eda en todo momento con una estrategia mal implementada.<\/p>\n<p>&nbsp;<\/p>\n<p>&nbsp;<\/p>\n<p>Finalmente se\u00f1al\u00f3 que es urgente un trabajo coordinado entre L\u00f3pez Obrador y su gabinete de seguridad con todos los niveles de gobierno y que el combate a la inseguridad se d\u00e9 con una estrategia integral.<\/p>\n<div dir=\"ltr\"><\/div>\n","protected":false},"excerpt":{"rendered":"<p>El plazo que el mismo L\u00f3pez Obrador se fij\u00f3 para disminuir la violencia se cumple hoy, despu\u00e9s de los lamentables hechos acontecidos en\u00a0Minatitl\u00e1n, Veracruz. Ello, luego de que el mandatario aseverara que con la estrategia que implementar\u00edan y con el despliegue de la Guardia Nacional, el cual por cierto fue anticipado en algunas entidades del [&hellip;]<\/p>\n","protected":false},"author":2,"featured_media":68741,"comment_status":"closed","ping_status":"closed","sticky":false,"template":"","format":"standard","meta":{"footnotes":""},"categories":[6],"tags":[],"class_list":["post-68740","post","type-post","status-publish","format-standard","has-post-thumbnail","hentry","category-congreso-del-estado"],"_links":{"self":[{"href":"https:\/\/radiowebmx.com\/nota\/wp-json\/wp\/v2\/posts\/68740","targetHints":{"allow":["GET"]}}],"collection":[{"href":"https:\/\/radiowebmx.com\/nota\/wp-json\/wp\/v2\/posts"}],"about":[{"href":"https:\/\/radiowebmx.com\/nota\/wp-json\/wp\/v2\/types\/post"}],"author":[{"embeddable":true,"href":"https:\/\/radiowebmx.com\/nota\/wp-json\/wp\/v2\/users\/2"}],"replies":[{"embeddable":true,"href":"https:\/\/radiowebmx.com\/nota\/wp-json\/wp\/v2\/comments?post=68740"}],"version-history":[{"count":1,"href":"https:\/\/radiowebmx.com\/nota\/wp-json\/wp\/v2\/posts\/68740\/revisions"}],"predecessor-version":[{"id":68742,"href":"https:\/\/radiowebmx.com\/nota\/wp-json\/wp\/v2\/posts\/68740\/revisions\/68742"}],"wp:featuredmedia":[{"embeddable":true,"href":"https:\/\/radiowebmx.com\/nota\/wp-json\/wp\/v2\/media\/68741"}],"wp:attachment":[{"href":"https:\/\/radiowebmx.com\/nota\/wp-json\/wp\/v2\/media?parent=68740"}],"wp:term":[{"taxonomy":"category","embeddable":true,"href":"https:\/\/radiowebmx.com\/nota\/wp-json\/wp\/v2\/categories?post=68740"},{"taxonomy":"post_tag","embeddable":true,"href":"https:\/\/radiowebmx.com\/nota\/wp-json\/wp\/v2\/tags?post=68740"}],"curies":[{"name":"wp","href":"https:\/\/api.w.org\/{rel}","templated":true}]}}