{"id":68737,"date":"2019-10-22T17:39:54","date_gmt":"2019-10-22T22:39:54","guid":{"rendered":"https:\/\/radiowebmx.com\/nota\/?p=68737"},"modified":"2019-10-22T17:39:54","modified_gmt":"2019-10-22T22:39:54","slug":"solidaridad-a-ediles-para-salvar-a-los-municipios-ante-los-recortes-federales-antonio-soto","status":"publish","type":"post","link":"https:\/\/radiowebmx.com\/nota\/solidaridad-a-ediles-para-salvar-a-los-municipios-ante-los-recortes-federales-antonio-soto\/","title":{"rendered":"Solidaridad a ediles para salvar a los municipios ante los recortes federales: Antonio Soto"},"content":{"rendered":"<ul>\n<li>No podemos permitir que desde la Federaci\u00f3n pretenda desmantelarse a los ayuntamientos que son la autoridad de primer contacto con la poblaci\u00f3n<\/li>\n<\/ul>\n<p>&nbsp;<\/p>\n<div>Desde los Estados de la Rep\u00fablica debemos manifestar nuestra plena solidaridad a los presidentes municipales, que han decidido manifestarse para para salvar a los municipios frente a los graves recortes presupuestales planteados en el proyecto de Presupuesto de la Federaci\u00f3n para el 2020, subray\u00f3 el diputado Antonio Soto S\u00e1nchez, integrante del Grupo Parlamentario del Partido de la Revoluci\u00f3n Democr\u00e1tica en el LXXIV Legislatura del Congreso del Estado.<\/p>\n<p>El legislador consider\u00f3 como un acto de dignidad y valent\u00eda, en defensa del federalismo y de los municipios en el pa\u00eds, la movilizaci\u00f3n protagonizada este martes en Palacio Nacional por alcaldes de diferentes estados de la Rep\u00fablica.<\/p>\n<p>Asimismo conden\u00f3 la agresi\u00f3n perpetrada contra los mun\u00edcipes que exig\u00edan audiencia con el presidente Andr\u00e9s Manuel L\u00f3pez Obrador, y quienes denunciaron haber sido rociados con gases lacrim\u00f3geno.<\/p>\n<p>\u201cNo podemos permitir que desde la Federaci\u00f3n pretenda desmantelarse a los ayuntamientos que son la autoridad de primer contacto con la poblaci\u00f3n, a la que m\u00e1s se recurre y la que provee los servicios esenciales para todos los mexicanos\u201d.<\/p>\n<p>Antonio Soto S\u00e1nchez calific\u00f3 escandalosos los recortes que el Gobierno Federal propone aplicar a los municipios en las participaciones del Ramo 28, y las aportaciones federales del Ramo 33, por lo que consider\u00f3 no solo razonable sino necesario dar luz verde a la propuesta de los alcaldes para que \u00e9stas lejos de disminuir se incrementen en un diez por ciento.<\/p>\n<p>Asimismo coincidi\u00f3 en la demanda de los municipios para que se ataje el recorte que se pretende al Programa de Fortalecimiento para la Seguridad (FORTASEG) y los recursos sean incrementados, m\u00e1xime teniendo en cuenta la situaci\u00f3n de colapso que se vive en M\u00e9xico en materia de seguridad.<\/p>\n<p>Finalmente, recalc\u00f3 que apostar por el centralismo desmantelando el federalismo es camino que s\u00f3lo puede conducir al totalitarismo, por lo que se hace necesario sumar esfuerzos para el fortalecimiento de estados y municipios que hoy sufren un cruento embate v\u00eda presupuestal desde la federaci\u00f3n.<\/p><\/div>\n","protected":false},"excerpt":{"rendered":"<p>No podemos permitir que desde la Federaci\u00f3n pretenda desmantelarse a los ayuntamientos que son la autoridad de primer contacto con la poblaci\u00f3n &nbsp; Desde los Estados de la Rep\u00fablica debemos manifestar nuestra plena solidaridad a los presidentes municipales, que han decidido manifestarse para para salvar a los municipios frente a los graves recortes presupuestales planteados [&hellip;]<\/p>\n","protected":false},"author":2,"featured_media":68738,"comment_status":"closed","ping_status":"closed","sticky":false,"template":"","format":"standard","meta":{"footnotes":""},"categories":[6],"tags":[],"class_list":["post-68737","post","type-post","status-publish","format-standard","has-post-thumbnail","hentry","category-congreso-del-estado"],"_links":{"self":[{"href":"https:\/\/radiowebmx.com\/nota\/wp-json\/wp\/v2\/posts\/68737","targetHints":{"allow":["GET"]}}],"collection":[{"href":"https:\/\/radiowebmx.com\/nota\/wp-json\/wp\/v2\/posts"}],"about":[{"href":"https:\/\/radiowebmx.com\/nota\/wp-json\/wp\/v2\/types\/post"}],"author":[{"embeddable":true,"href":"https:\/\/radiowebmx.com\/nota\/wp-json\/wp\/v2\/users\/2"}],"replies":[{"embeddable":true,"href":"https:\/\/radiowebmx.com\/nota\/wp-json\/wp\/v2\/comments?post=68737"}],"version-history":[{"count":1,"href":"https:\/\/radiowebmx.com\/nota\/wp-json\/wp\/v2\/posts\/68737\/revisions"}],"predecessor-version":[{"id":68739,"href":"https:\/\/radiowebmx.com\/nota\/wp-json\/wp\/v2\/posts\/68737\/revisions\/68739"}],"wp:featuredmedia":[{"embeddable":true,"href":"https:\/\/radiowebmx.com\/nota\/wp-json\/wp\/v2\/media\/68738"}],"wp:attachment":[{"href":"https:\/\/radiowebmx.com\/nota\/wp-json\/wp\/v2\/media?parent=68737"}],"wp:term":[{"taxonomy":"category","embeddable":true,"href":"https:\/\/radiowebmx.com\/nota\/wp-json\/wp\/v2\/categories?post=68737"},{"taxonomy":"post_tag","embeddable":true,"href":"https:\/\/radiowebmx.com\/nota\/wp-json\/wp\/v2\/tags?post=68737"}],"curies":[{"name":"wp","href":"https:\/\/api.w.org\/{rel}","templated":true}]}}