{"id":68731,"date":"2019-10-21T19:14:00","date_gmt":"2019-10-22T00:14:00","guid":{"rendered":"https:\/\/radiowebmx.com\/nota\/?p=68731"},"modified":"2019-10-21T19:14:00","modified_gmt":"2019-10-22T00:14:00","slug":"ante-su-incapacidad-para-gobernar-algunos-inventan-cortinas-de-humo-juan-bernardo-corona","status":"publish","type":"post","link":"https:\/\/radiowebmx.com\/nota\/ante-su-incapacidad-para-gobernar-algunos-inventan-cortinas-de-humo-juan-bernardo-corona\/","title":{"rendered":"Ante su incapacidad para gobernar, algunos inventan cortinas de humo: Juan Bernardo Corona"},"content":{"rendered":"<p>El Comit\u00e9 Ejecutivo Estatal (CEE) del Partido de la Revoluci\u00f3n Democr\u00e1tica (PRD) deplor\u00f3 que el Gobierno de la Rep\u00fablica y MORENA, recurran a pr\u00e1cticas retr\u00f3gradas como las &#8220;cortinas de humo&#8221; y ocultar as\u00ed su incapacidad para gobernar.<\/p>\n<p>El Presidente del CEE-PRD, Juan Bernardo Corona, sostuvo que la Federaci\u00f3n y MORENA, van de &#8220;fracaso en fracaso&#8221;, y no han generado resultados a la ciudadan\u00eda, ni en seguridad p\u00fablica, ni crecimiento econ\u00f3mico, ni atracci\u00f3n de inversiones, ni generaci\u00f3n de empleos.<\/p>\n<p>Corona Mart\u00ednez, subray\u00f3 que en Michoac\u00e1n hay un gobierno emanado del PRD, y pese a las condiciones cr\u00edticas y adversas en las que se encontraba el estado, el Gobernador, Silvano Aureoles Conejo, &#8220;agarr\u00f3 el toro por los cuernos&#8221;, y transform\u00f3 el estado, generando resultados en educaci\u00f3n, salud, saneamiento financiero, seguridad p\u00fablica y turismo, entre otros rubros.<\/p>\n<p>&#8220;Ya lo he se\u00f1alado, en Michoac\u00e1n, las acciones del gobierno del PRD est\u00e1n a la vista, sin importar ideolog\u00edas partidistas y privilegiando siempre el inter\u00e9s general. Aqu\u00ed se demuestra que el PRD s\u00ed sabe gobernar, y s\u00ed cumple a la ciudadan\u00eda&#8221;, expres\u00f3 Juan Bernardo Corona.<\/p>\n<p>El Dirigente Partidista afirm\u00f3 que el PRD en Michoac\u00e1n est\u00e1 vivo, vigente, con rumbo y con proyecto definido, abanderando siempre las causas justas y las demandas de la ciudadan\u00eda, \u201dsobre todo, seguimos creciendo ante este descontento generalizado de la poblaci\u00f3n porque no hay buenas se\u00f1ales del Gobierno Federal y MORENA\u201d, dijo.<\/p>\n<p>Juan Bernardo Corona lament\u00f3 que algunos movimientos pol\u00edticos como MORENA recurran a viejas pr\u00e1cticas como las cortinas de humo, pretendiendo distraer la atenci\u00f3n de lo verdaderamente importante, como es el caso de los nulos resultados del Gobierno de la Rep\u00fablica, &#8220;pero bueno, ni siquiera en sus asambleas se pueden poner de acuerdo, qu\u00e9 podemos esperar&#8221;, ironiz\u00f3.<\/p>\n<p>El Dirigente del PRD en Michoac\u00e1n fue m\u00e1s all\u00e1 y se\u00f1al\u00f3: \u201ca MORENA se le est\u00e1 agotando el argumento; se les desbarat\u00f3 el discurso y el gobierno. Prometieron un cambio y lo que estamos viendo es una debacle que nos est\u00e1 arrastrando como pa\u00eds\u201d.<\/p>\n<p>Para finalizar, reiter\u00f3: \u201cNosotros lo hemos dicho, nos asumimos como una oposici\u00f3n cr\u00edtica y responsable, no apostamos a que le vaya mal al Presidente, vamos a se\u00f1alar lo que consideremos que es un retroceso y reconoceremos lo que se haga bien. Lamentablemente hasta ahora no hay buenas se\u00f1ales&#8221;.<\/p>\n","protected":false},"excerpt":{"rendered":"<p>El Comit\u00e9 Ejecutivo Estatal (CEE) del Partido de la Revoluci\u00f3n Democr\u00e1tica (PRD) deplor\u00f3 que el Gobierno de la Rep\u00fablica y MORENA, recurran a pr\u00e1cticas retr\u00f3gradas como las &#8220;cortinas de humo&#8221; y ocultar as\u00ed su incapacidad para gobernar. El Presidente del CEE-PRD, Juan Bernardo Corona, sostuvo que la Federaci\u00f3n y MORENA, van de &#8220;fracaso en fracaso&#8221;, [&hellip;]<\/p>\n","protected":false},"author":2,"featured_media":68732,"comment_status":"closed","ping_status":"closed","sticky":false,"template":"","format":"standard","meta":{"footnotes":""},"categories":[6],"tags":[],"class_list":["post-68731","post","type-post","status-publish","format-standard","has-post-thumbnail","hentry","category-congreso-del-estado"],"_links":{"self":[{"href":"https:\/\/radiowebmx.com\/nota\/wp-json\/wp\/v2\/posts\/68731","targetHints":{"allow":["GET"]}}],"collection":[{"href":"https:\/\/radiowebmx.com\/nota\/wp-json\/wp\/v2\/posts"}],"about":[{"href":"https:\/\/radiowebmx.com\/nota\/wp-json\/wp\/v2\/types\/post"}],"author":[{"embeddable":true,"href":"https:\/\/radiowebmx.com\/nota\/wp-json\/wp\/v2\/users\/2"}],"replies":[{"embeddable":true,"href":"https:\/\/radiowebmx.com\/nota\/wp-json\/wp\/v2\/comments?post=68731"}],"version-history":[{"count":1,"href":"https:\/\/radiowebmx.com\/nota\/wp-json\/wp\/v2\/posts\/68731\/revisions"}],"predecessor-version":[{"id":68733,"href":"https:\/\/radiowebmx.com\/nota\/wp-json\/wp\/v2\/posts\/68731\/revisions\/68733"}],"wp:featuredmedia":[{"embeddable":true,"href":"https:\/\/radiowebmx.com\/nota\/wp-json\/wp\/v2\/media\/68732"}],"wp:attachment":[{"href":"https:\/\/radiowebmx.com\/nota\/wp-json\/wp\/v2\/media?parent=68731"}],"wp:term":[{"taxonomy":"category","embeddable":true,"href":"https:\/\/radiowebmx.com\/nota\/wp-json\/wp\/v2\/categories?post=68731"},{"taxonomy":"post_tag","embeddable":true,"href":"https:\/\/radiowebmx.com\/nota\/wp-json\/wp\/v2\/tags?post=68731"}],"curies":[{"name":"wp","href":"https:\/\/api.w.org\/{rel}","templated":true}]}}