{"id":68722,"date":"2019-10-21T19:10:17","date_gmt":"2019-10-22T00:10:17","guid":{"rendered":"https:\/\/radiowebmx.com\/nota\/?p=68722"},"modified":"2019-10-21T19:10:17","modified_gmt":"2019-10-22T00:10:17","slug":"mas-de-mil-500-personas-se-sumaron-a-la-carrera-rosa-contra-el-cancer-de-mama","status":"publish","type":"post","link":"https:\/\/radiowebmx.com\/nota\/mas-de-mil-500-personas-se-sumaron-a-la-carrera-rosa-contra-el-cancer-de-mama\/","title":{"rendered":"M\u00e1s de mil 500 personas se sumaron a la Carrera Rosa contra el C\u00e1ncer de Mama"},"content":{"rendered":"<p>M\u00e1s de mil 500 personas participaron en la Carrera Rosa 2019 en La Piedad, en la que la diputada local Adriana Hern\u00e1ndez refrend\u00f3 su compromiso y solidaridad en la lucha contra el c\u00e1ncer de mama.<\/p>\n<p>\u201cLa prevenci\u00f3n y los constantes chequeos son aspectos esenciales para una detecci\u00f3n oportuna, agradezco a todas las instituciones que se sumaron a esta actividad y a las personas que a\u00f1o con a\u00f1o nos acompa\u00f1an, adem\u00e1s de disfrutar y convivir debemos estar atentos de cualquier s\u00edntoma\u201d, afirm\u00f3 la legisladora tricolor en el marco del arranque de la cuarta edici\u00f3n de esta carrera.<\/p>\n<p>Pascual S\u00edgala P\u00e1ez, representante del Gobernador; Alejandro Espinosa, presidente municipal de La Piedad; el basquetbolista Horacio Llamas; Ismael S\u00edgala, coordinador de Atenci\u00f3n Ciudadana de Gobierno del Estado; el diputado local Hugo Anaya; la directora estatal del ICATMI, Rosario Cruz y diversas autoridades locales acompa\u00f1aron a la diputada durante la carrera.<\/p>\n<p>En el marco de este encuentro, Hern\u00e1ndez \u00cd\u00f1iguez record\u00f3 que recientemente el Congreso del Estado aprob\u00f3 su iniciativa para declarar cada d\u00eda 19 de mes como D\u00eda Estatal contra el C\u00e1ncer, esto con el objetivo de que las autoridades y los distintos sectores que conforman la sociedad promuevan diversas acciones para generar conciencia, prevenir y combatir el c\u00e1ncer, ante el incremento y prevalencia de los casos de esta enfermedad.<\/p>\n<p>La diputada agradeci\u00f3 el apoyo de SEIMUJER, la Coordinaci\u00f3n de Atenci\u00f3n Ciudadana de Gobierno del Estado, la Secretar\u00eda de Salud y FEMSA, instituciones que tambi\u00e9n se sumaron a la carrera que este pr\u00f3ximo 27 de octubre se llevar\u00e1 a cabo en Hidalgo.<\/p>\n<p>Finalmente la legisladora anunci\u00f3 que durante los primeros d\u00edas de noviembre se realizar\u00e1 en Morelia el taller Pintadita a tu Salud.<\/p>\n","protected":false},"excerpt":{"rendered":"<p>M\u00e1s de mil 500 personas participaron en la Carrera Rosa 2019 en La Piedad, en la que la diputada local Adriana Hern\u00e1ndez refrend\u00f3 su compromiso y solidaridad en la lucha contra el c\u00e1ncer de mama. \u201cLa prevenci\u00f3n y los constantes chequeos son aspectos esenciales para una detecci\u00f3n oportuna, agradezco a todas las instituciones que se [&hellip;]<\/p>\n","protected":false},"author":2,"featured_media":68723,"comment_status":"closed","ping_status":"closed","sticky":false,"template":"","format":"standard","meta":{"footnotes":""},"categories":[6],"tags":[],"class_list":["post-68722","post","type-post","status-publish","format-standard","has-post-thumbnail","hentry","category-congreso-del-estado"],"_links":{"self":[{"href":"https:\/\/radiowebmx.com\/nota\/wp-json\/wp\/v2\/posts\/68722","targetHints":{"allow":["GET"]}}],"collection":[{"href":"https:\/\/radiowebmx.com\/nota\/wp-json\/wp\/v2\/posts"}],"about":[{"href":"https:\/\/radiowebmx.com\/nota\/wp-json\/wp\/v2\/types\/post"}],"author":[{"embeddable":true,"href":"https:\/\/radiowebmx.com\/nota\/wp-json\/wp\/v2\/users\/2"}],"replies":[{"embeddable":true,"href":"https:\/\/radiowebmx.com\/nota\/wp-json\/wp\/v2\/comments?post=68722"}],"version-history":[{"count":1,"href":"https:\/\/radiowebmx.com\/nota\/wp-json\/wp\/v2\/posts\/68722\/revisions"}],"predecessor-version":[{"id":68724,"href":"https:\/\/radiowebmx.com\/nota\/wp-json\/wp\/v2\/posts\/68722\/revisions\/68724"}],"wp:featuredmedia":[{"embeddable":true,"href":"https:\/\/radiowebmx.com\/nota\/wp-json\/wp\/v2\/media\/68723"}],"wp:attachment":[{"href":"https:\/\/radiowebmx.com\/nota\/wp-json\/wp\/v2\/media?parent=68722"}],"wp:term":[{"taxonomy":"category","embeddable":true,"href":"https:\/\/radiowebmx.com\/nota\/wp-json\/wp\/v2\/categories?post=68722"},{"taxonomy":"post_tag","embeddable":true,"href":"https:\/\/radiowebmx.com\/nota\/wp-json\/wp\/v2\/tags?post=68722"}],"curies":[{"name":"wp","href":"https:\/\/api.w.org\/{rel}","templated":true}]}}