{"id":68713,"date":"2019-10-21T19:06:56","date_gmt":"2019-10-22T00:06:56","guid":{"rendered":"https:\/\/radiowebmx.com\/nota\/?p=68713"},"modified":"2019-10-21T19:06:56","modified_gmt":"2019-10-22T00:06:56","slug":"se-suma-horacio-llamas-a-la-carrera-rosa-2019-en-la-piedad","status":"publish","type":"post","link":"https:\/\/radiowebmx.com\/nota\/se-suma-horacio-llamas-a-la-carrera-rosa-2019-en-la-piedad\/","title":{"rendered":"Se suma Horacio Llamas a la Carrera Rosa 2019 en La Piedad"},"content":{"rendered":"<p>La diputada local Adriana Hern\u00e1ndez \u00cd\u00f1iguez celebr\u00f3 la colaboraci\u00f3n del basquetbolista Horacio Llamas, quien se sum\u00f3 a la Carrera Rosa que se llevar\u00e1 a cabo este domingo 20 de octubre en La Piedad.<\/p>\n<p>En ese sentido, dio a conocer que ya se tiene todo listo para esta cuarta edici\u00f3n que arrancar\u00e1 en punto de las 8:00 horas de este domingo en el Parque Morelos, que se realiza en el marco del D\u00eda Mundial de la Lucha contra el C\u00e1ncer de Mama, que se conmemora este 19 de octubre.<\/p>\n<p>\u201cEsperamos una buena participaci\u00f3n; me siento contenta y agradecida con el compromiso que ha mostrado mucha de la gente que a\u00f1o con a\u00f1o se suma y en esta ocasi\u00f3n, Horacio Llamas estar\u00e1 acompa\u00f1\u00e1ndonos para crear conciencia sobre la detecci\u00f3n temprana y la prevenci\u00f3n del c\u00e1ncer\u201d, afirm\u00f3 la legisladora tricolor.<\/p>\n<p>La legisladora, originaria de La Piedad, inform\u00f3 que la ruta comienza en el Parque Morelos para seguir por Pino Su\u00e1rez, bajar por La Pur\u00edsima y sobre el Boulevard L\u00e1zaro C\u00e1rdenas. Posteriormente se tomar\u00e1 la calle Heroico Colegio Militar para terminar por Mariano Jim\u00e9nez y llegar al punto de partida.<\/p>\n<p>\u201cRecordemos que la Carrera Rosa 2019 es un evento completamente familiar y el circuito ser\u00e1 de tres kil\u00f3metros\u201d, mencion\u00f3 Hern\u00e1ndez \u00cd\u00f1iguez, quien reiter\u00f3 la invitaci\u00f3n para que grandes y chicos se sumen a este encuentro en el que tambi\u00e9n participan diversas instituciones como lo son SEIMUJER, la Coordinaci\u00f3n de Atenci\u00f3n Ciudadana de Gobierno del Estado, la Secretar\u00eda de Salud y FEMSA.<\/p>\n<p>\u201cEl c\u00e1ncer de mama sigue representando una de las principales causas de muerte en nuestro pa\u00eds, es urgente reforzar acciones y sumar a gente interesada en este tipo de causas como lo es Horacio Llamas para sensibilizar sobre la detecci\u00f3n temprana para coadyuvar a una mejor calidad de vida\u201d, concluy\u00f3 la diputada, tras recordar que el pr\u00f3ximo 27 de octubre se llevar\u00e1 a cabo otra Carrera Rosa en Hidalgo y el 5 de noviembre se realizar\u00e1 en Morelia el taller Pintadita a tu Salud, actividades enmarcadas en el mes de la sensibilizaci\u00f3n del c\u00e1ncer de mama.<\/p>\n","protected":false},"excerpt":{"rendered":"<p>La diputada local Adriana Hern\u00e1ndez \u00cd\u00f1iguez celebr\u00f3 la colaboraci\u00f3n del basquetbolista Horacio Llamas, quien se sum\u00f3 a la Carrera Rosa que se llevar\u00e1 a cabo este domingo 20 de octubre en La Piedad. En ese sentido, dio a conocer que ya se tiene todo listo para esta cuarta edici\u00f3n que arrancar\u00e1 en punto de las [&hellip;]<\/p>\n","protected":false},"author":2,"featured_media":68714,"comment_status":"closed","ping_status":"closed","sticky":false,"template":"","format":"standard","meta":{"footnotes":""},"categories":[6],"tags":[],"class_list":["post-68713","post","type-post","status-publish","format-standard","has-post-thumbnail","hentry","category-congreso-del-estado"],"_links":{"self":[{"href":"https:\/\/radiowebmx.com\/nota\/wp-json\/wp\/v2\/posts\/68713","targetHints":{"allow":["GET"]}}],"collection":[{"href":"https:\/\/radiowebmx.com\/nota\/wp-json\/wp\/v2\/posts"}],"about":[{"href":"https:\/\/radiowebmx.com\/nota\/wp-json\/wp\/v2\/types\/post"}],"author":[{"embeddable":true,"href":"https:\/\/radiowebmx.com\/nota\/wp-json\/wp\/v2\/users\/2"}],"replies":[{"embeddable":true,"href":"https:\/\/radiowebmx.com\/nota\/wp-json\/wp\/v2\/comments?post=68713"}],"version-history":[{"count":1,"href":"https:\/\/radiowebmx.com\/nota\/wp-json\/wp\/v2\/posts\/68713\/revisions"}],"predecessor-version":[{"id":68715,"href":"https:\/\/radiowebmx.com\/nota\/wp-json\/wp\/v2\/posts\/68713\/revisions\/68715"}],"wp:featuredmedia":[{"embeddable":true,"href":"https:\/\/radiowebmx.com\/nota\/wp-json\/wp\/v2\/media\/68714"}],"wp:attachment":[{"href":"https:\/\/radiowebmx.com\/nota\/wp-json\/wp\/v2\/media?parent=68713"}],"wp:term":[{"taxonomy":"category","embeddable":true,"href":"https:\/\/radiowebmx.com\/nota\/wp-json\/wp\/v2\/categories?post=68713"},{"taxonomy":"post_tag","embeddable":true,"href":"https:\/\/radiowebmx.com\/nota\/wp-json\/wp\/v2\/tags?post=68713"}],"curies":[{"name":"wp","href":"https:\/\/api.w.org\/{rel}","templated":true}]}}