{"id":68710,"date":"2019-10-21T19:04:57","date_gmt":"2019-10-22T00:04:57","guid":{"rendered":"https:\/\/radiowebmx.com\/nota\/?p=68710"},"modified":"2019-10-21T19:04:57","modified_gmt":"2019-10-22T00:04:57","slug":"tono-garcia-emprende-acciones-de-prevencion-contra-el-cancer-de-mama","status":"publish","type":"post","link":"https:\/\/radiowebmx.com\/nota\/tono-garcia-emprende-acciones-de-prevencion-contra-el-cancer-de-mama\/","title":{"rendered":"To\u00f1o Garc\u00eda emprende acciones de prevenci\u00f3n contra el C\u00e1ncer de Mama"},"content":{"rendered":"<p>Al tomar acciones que incentiven la prevenci\u00f3n del C\u00e1ncer de Mama, el Senador de la Rep\u00fablica, To\u00f1o Garc\u00eda, invit\u00f3 a todas las mujeres a cuidar de su salud haci\u00e9ndose los chequeos al menos una vez al a\u00f1o.<br \/>\nMediante gestiones ante el Gobierno del Estado, llev\u00f3 el servicio de mastograf\u00edas gratuitas al poniente de Morelia, en la colonia Ciudad Jard\u00edn, una de las de mayores \u00edndices de marginaci\u00f3n en la capital michoacana.<br \/>\nTo\u00f1o Garc\u00eda, ante un grupo de mujeres que recibi\u00f3 una charla para detectar los principales s\u00edntomas de este padecimiento en el marco del D\u00eda Mundial de la Lucha contra el C\u00e1ncer de Mama, hizo hincapi\u00e9 en que tambi\u00e9n corresponde a los hombres, apoyar a las mujeres para que preserven su salud.<br \/>\n\u201cOctubre es conocido como el mes rosa, por el D\u00eda Mundial de la Lucha contra el C\u00e1ncer de Mama, pero esto requiere la acci\u00f3n decidida de todas y todos, ya que no es un tema solo de las mujeres, sino tambi\u00e9n de los hombres, tenemos que apoyarlas a hacerse las pruebas necesarias\u201d.<br \/>\nAsimismo, llam\u00f3 a no bajar la guardia en generar consciencia entre las mujeres para que accedan a controles, diagn\u00f3sticos y tratamientos oportunos y efectivos.<br \/>\n\u201cA\u00fan falta mucho pero tenemos que reconocer los programas sociales y las pol\u00edticas p\u00fablicas, que ponen en el centro a las mujeres, sobretodo aquellas, que nos permite tenerlas sanas y salvas\u201d.<\/p>\n","protected":false},"excerpt":{"rendered":"<p>Al tomar acciones que incentiven la prevenci\u00f3n del C\u00e1ncer de Mama, el Senador de la Rep\u00fablica, To\u00f1o Garc\u00eda, invit\u00f3 a todas las mujeres a cuidar de su salud haci\u00e9ndose los chequeos al menos una vez al a\u00f1o. Mediante gestiones ante el Gobierno del Estado, llev\u00f3 el servicio de mastograf\u00edas gratuitas al poniente de Morelia, en [&hellip;]<\/p>\n","protected":false},"author":2,"featured_media":68711,"comment_status":"closed","ping_status":"closed","sticky":false,"template":"","format":"standard","meta":{"footnotes":""},"categories":[6],"tags":[],"class_list":["post-68710","post","type-post","status-publish","format-standard","has-post-thumbnail","hentry","category-congreso-del-estado"],"_links":{"self":[{"href":"https:\/\/radiowebmx.com\/nota\/wp-json\/wp\/v2\/posts\/68710","targetHints":{"allow":["GET"]}}],"collection":[{"href":"https:\/\/radiowebmx.com\/nota\/wp-json\/wp\/v2\/posts"}],"about":[{"href":"https:\/\/radiowebmx.com\/nota\/wp-json\/wp\/v2\/types\/post"}],"author":[{"embeddable":true,"href":"https:\/\/radiowebmx.com\/nota\/wp-json\/wp\/v2\/users\/2"}],"replies":[{"embeddable":true,"href":"https:\/\/radiowebmx.com\/nota\/wp-json\/wp\/v2\/comments?post=68710"}],"version-history":[{"count":1,"href":"https:\/\/radiowebmx.com\/nota\/wp-json\/wp\/v2\/posts\/68710\/revisions"}],"predecessor-version":[{"id":68712,"href":"https:\/\/radiowebmx.com\/nota\/wp-json\/wp\/v2\/posts\/68710\/revisions\/68712"}],"wp:featuredmedia":[{"embeddable":true,"href":"https:\/\/radiowebmx.com\/nota\/wp-json\/wp\/v2\/media\/68711"}],"wp:attachment":[{"href":"https:\/\/radiowebmx.com\/nota\/wp-json\/wp\/v2\/media?parent=68710"}],"wp:term":[{"taxonomy":"category","embeddable":true,"href":"https:\/\/radiowebmx.com\/nota\/wp-json\/wp\/v2\/categories?post=68710"},{"taxonomy":"post_tag","embeddable":true,"href":"https:\/\/radiowebmx.com\/nota\/wp-json\/wp\/v2\/tags?post=68710"}],"curies":[{"name":"wp","href":"https:\/\/api.w.org\/{rel}","templated":true}]}}