{"id":6871,"date":"2014-05-08T15:56:14","date_gmt":"2014-05-08T20:56:14","guid":{"rendered":"https:\/\/radiowebmx.com\/nota\/?p=6871"},"modified":"2014-05-08T15:56:14","modified_gmt":"2014-05-08T20:56:14","slug":"festejan-a-mamas-del-cadi-juana-pavon","status":"publish","type":"post","link":"https:\/\/radiowebmx.com\/nota\/festejan-a-mamas-del-cadi-juana-pavon\/","title":{"rendered":"FESTEJAN A MAM\u00c1S DEL CADI JUANA PAV\u00d3N"},"content":{"rendered":"<p><a href=\"https:\/\/radiowebmx.com\/nota\/wp-content\/uploads\/2014\/05\/DSC3435.jpg\"><img loading=\"lazy\" decoding=\"async\" class=\"alignleft size-full wp-image-6872\" alt=\"_DSC3435\" src=\"https:\/\/radiowebmx.com\/nota\/wp-content\/uploads\/2014\/05\/DSC3435.jpg\" width=\"591\" height=\"321\" \/><\/a>En v\u00edsperas de la celebraci\u00f3n del 10 de mayo, D\u00eda de la Madre, personal directivo, docente, administrativo, de mantenimiento, cocina e intendencia organiz\u00f3 un emotivo desayuno para las mam\u00e1s, cuyos hijos cursan sus estudios en el Centro de Atenci\u00f3n y Desarrollo Infantil (CADI) \u201cJuana Pav\u00f3n\u201d, adscrito al Sistema para el Desarrollo Integral de la Familia (DIF) Michoac\u00e1n.<\/p>\n<p>En representaci\u00f3n de la presidenta honoraria del Sistema DIF Michoac\u00e1n, Patricia Mora de Vallejo y de la directora general, Nelly Sastr\u00e9 Gasca; la subdirectora de Asistencia, Karina Flores Calder\u00f3n dio un cordial saludo y felicit\u00f3 a todas las mam\u00e1s, al tiempo que reconoci\u00f3 la labor de todo el personal que trabaja en el CADI para brindarles un momento de c\u00e1lido reconocimiento a la doble tarea que d\u00eda a d\u00eda realizan decenas de michoacanas: ser madres trabajadoras.<\/p>\n<p>El director del CADI Juana Pav\u00f3n, Mario Antonio Mendoza Garc\u00eda, agradeci\u00f3 la presencia de las mam\u00e1s y resalt\u00f3 que con mucho entusiasmo el personal prepar\u00f3 un desayuno y junto con los ni\u00f1os, un festival art\u00edstico, pues a\u00f1adi\u00f3 que no existe acto m\u00e1s sublime y digno que honrar a las madres.<\/p>\n<p>Las actividades art\u00edsticas iniciaron con las ma\u00f1anitas que fueron interpretadas por los ni\u00f1os de preescolar, 1, 2 y 3, entonaci\u00f3n que puso a flor de piel las emociones en todas las mam\u00e1s que se celebraron ver a sus hijos e hijas cantando.<\/p>\n<p>Luego el festival art\u00edstico continu\u00f3 y arranc\u00f3 l\u00e1grimas, sonrisas, aplausos y carcajadas a todos los presentes. Este a\u00f1o las y los ni\u00f1os prepararon canciones, coreograf\u00edas y actuaron el cuento \u201cCenicienta\u201d.<\/p>\n<p>&nbsp;<\/p>\n","protected":false},"excerpt":{"rendered":"<p>En v\u00edsperas de la celebraci\u00f3n del 10 de mayo, D\u00eda de la Madre, personal directivo, docente, administrativo, de mantenimiento, cocina e intendencia organiz\u00f3 un emotivo desayuno para las mam\u00e1s,<\/p>\n","protected":false},"author":1,"featured_media":0,"comment_status":"open","ping_status":"open","sticky":false,"template":"","format":"standard","meta":{"footnotes":""},"categories":[14,3],"tags":[],"class_list":["post-6871","post","type-post","status-publish","format-standard","hentry","category-destacadas","category-gobierno-del-estado-de-michoacan"],"_links":{"self":[{"href":"https:\/\/radiowebmx.com\/nota\/wp-json\/wp\/v2\/posts\/6871","targetHints":{"allow":["GET"]}}],"collection":[{"href":"https:\/\/radiowebmx.com\/nota\/wp-json\/wp\/v2\/posts"}],"about":[{"href":"https:\/\/radiowebmx.com\/nota\/wp-json\/wp\/v2\/types\/post"}],"author":[{"embeddable":true,"href":"https:\/\/radiowebmx.com\/nota\/wp-json\/wp\/v2\/users\/1"}],"replies":[{"embeddable":true,"href":"https:\/\/radiowebmx.com\/nota\/wp-json\/wp\/v2\/comments?post=6871"}],"version-history":[{"count":1,"href":"https:\/\/radiowebmx.com\/nota\/wp-json\/wp\/v2\/posts\/6871\/revisions"}],"predecessor-version":[{"id":6873,"href":"https:\/\/radiowebmx.com\/nota\/wp-json\/wp\/v2\/posts\/6871\/revisions\/6873"}],"wp:attachment":[{"href":"https:\/\/radiowebmx.com\/nota\/wp-json\/wp\/v2\/media?parent=6871"}],"wp:term":[{"taxonomy":"category","embeddable":true,"href":"https:\/\/radiowebmx.com\/nota\/wp-json\/wp\/v2\/categories?post=6871"},{"taxonomy":"post_tag","embeddable":true,"href":"https:\/\/radiowebmx.com\/nota\/wp-json\/wp\/v2\/tags?post=6871"}],"curies":[{"name":"wp","href":"https:\/\/api.w.org\/{rel}","templated":true}]}}