{"id":68692,"date":"2019-10-21T18:57:32","date_gmt":"2019-10-21T23:57:32","guid":{"rendered":"https:\/\/radiowebmx.com\/nota\/?p=68692"},"modified":"2019-10-21T18:57:32","modified_gmt":"2019-10-21T23:57:32","slug":"combatir-y-prevenir-el-cancer-de-mama-es-tarea-de-todos-lucila-martinez","status":"publish","type":"post","link":"https:\/\/radiowebmx.com\/nota\/combatir-y-prevenir-el-cancer-de-mama-es-tarea-de-todos-lucila-martinez\/","title":{"rendered":"Combatir y prevenir el C\u00e1ncer de Mama es tarea de todos: Lucila Mart\u00ednez"},"content":{"rendered":"<p>El disminuir la mortalidad por c\u00e1ncer de mama a trav\u00e9s de acciones coordinadas de las instituciones del sector salud en materia de detecci\u00f3n, diagn\u00f3stico, tratamiento, control de calidad, supervisi\u00f3n, investigaci\u00f3n, evaluaci\u00f3n y fortalecimiento de la infraestructura, es tarea de todos, por lo que no se debe bajar la guardia en las acciones preventivas, afirm\u00f3 la diputada Lucila Mart\u00ednez Manr\u00edquez.<\/p>\n<p>Al asistir al evento organizado \u00a0por \u00a0la Comisi\u00f3n Ejecutiva de la Secci\u00f3n 18 del Sindicato Nacional de Trabajadores de la Educaci\u00f3n (SNTE), conmemorativo por el D\u00eda Internacional de la Lucha contra el C\u00e1ncer de Mama, la presidenta de la Comisi\u00f3n de Igualdad Sustantiva y de G\u00e9nero en la LXXIV Legislatura en el Congreso del Estado se\u00f1al\u00f3 que en el paquete econ\u00f3mico que se avale en el C\u00e1mara de Diputados se debe priorizar un incremento sustancial del presupuesto para programas encaminados a la prevenci\u00f3n y control de esta enfermedad.<\/p>\n<p>Celebr\u00f3 que se realicen este tipo de eventos, por lo que agradeci\u00f3 al sindicato de la Secci\u00f3n 18 de la SNTE la invitaci\u00f3n y reconoci\u00f3 en ellos el inter\u00e9s para abordar el tema y convocar desde sus espacios a todas y todos a realizarse los estudios y acciones preventivas.<\/p>\n<p>\u201cTodos debemos apoyar desde nuestras trincheras a generar conciencia sobre el C\u00e1ncer de Mama, el cual no es \u00fanico y exclusivo de las mujeres, sino tambi\u00e9n de los hombres, el cual se ha convertido en un problema de salud p\u00fablica y todos debemos colaborar a que se realicen los ex\u00e1menes preventivos\u201d.<\/p>\n<p>Sin duda es fundamental que desde la familia e instituciones educativas, se aborden estos temas, \u201clos maestros tienen una labor esencial e indispensable en la salud, son quienes pueden ir transformando la mentalidad del individuo, quienes pueden ir apoyando para que cambiemos e ir cambiando y tengamos una cultura de prevenci\u00f3n\u201d.<\/p>\n<p>Convoc\u00f3 a que estos temas se aborden desde la infancia para generar una cultura de autocuidado y prevenci\u00f3n en todos e &#8220;invito para que cada uno de nosotros desde nuestra trinchera pongamos un granito de arena, en casa, en las instituciones educativas, en las oficinas, en todos los centros laborales, padres de familia, hermanos, que podemos incidir en que vayamos cambiando y atendiendo de manera preventiva\u201d.<\/p>\n<p>Lucila Mart\u00ednez record\u00f3 que de acuerdo con las estad\u00edsticas, indic\u00f3, cada 30 segundos se diagnostica c\u00e1ncer de mama a una mujer en el mundo, por ello, reiter\u00f3 la importancia de que se tomen las medidas necesarias para prevenir y concientizar sobre la prevenci\u00f3n y que los programas lleguen a todos.<\/p>\n<p>En nuestro pa\u00eds, todos los d\u00edas mueren en promedio 15 mujeres a causa del c\u00e1ncer de mama y las cifras contin\u00faan en aumento, de acuerdo a datos obtenidos del Instituto Nacional de Cancerolog\u00eda (INCAN).<\/p>\n<p>Adem\u00e1s, entre 18 mil a 20 mil casos nuevos se diagnostican cada a\u00f1o con esta enfermedad, y de esas se registran alrededor de cinco mil 600 fallecimientos anualmente y cerca del 70 por ciento de las pacientes llegan en etapas avanzadas.<\/p>\n<p>Seg\u00fan la Organizaci\u00f3n Mundial de la Salud (OMS), cada a\u00f1o se detectan m\u00e1s de un mill\u00f3n 300 mil casos nuevos, la mayor\u00eda de las muertes por c\u00e1ncer de mama se dan en pa\u00edses de bajos ingresos y poco desarrollo como el nuestro, en donde el diagn\u00f3stico se realiza en etapas muy avanzadas.<\/p>\n","protected":false},"excerpt":{"rendered":"<p>El disminuir la mortalidad por c\u00e1ncer de mama a trav\u00e9s de acciones coordinadas de las instituciones del sector salud en materia de detecci\u00f3n, diagn\u00f3stico, tratamiento, control de calidad, supervisi\u00f3n, investigaci\u00f3n, evaluaci\u00f3n y fortalecimiento de la infraestructura, es tarea de todos, por lo que no se debe bajar la guardia en las acciones preventivas, afirm\u00f3 la [&hellip;]<\/p>\n","protected":false},"author":2,"featured_media":68693,"comment_status":"closed","ping_status":"closed","sticky":false,"template":"","format":"standard","meta":{"footnotes":""},"categories":[6],"tags":[],"class_list":["post-68692","post","type-post","status-publish","format-standard","has-post-thumbnail","hentry","category-congreso-del-estado"],"_links":{"self":[{"href":"https:\/\/radiowebmx.com\/nota\/wp-json\/wp\/v2\/posts\/68692","targetHints":{"allow":["GET"]}}],"collection":[{"href":"https:\/\/radiowebmx.com\/nota\/wp-json\/wp\/v2\/posts"}],"about":[{"href":"https:\/\/radiowebmx.com\/nota\/wp-json\/wp\/v2\/types\/post"}],"author":[{"embeddable":true,"href":"https:\/\/radiowebmx.com\/nota\/wp-json\/wp\/v2\/users\/2"}],"replies":[{"embeddable":true,"href":"https:\/\/radiowebmx.com\/nota\/wp-json\/wp\/v2\/comments?post=68692"}],"version-history":[{"count":1,"href":"https:\/\/radiowebmx.com\/nota\/wp-json\/wp\/v2\/posts\/68692\/revisions"}],"predecessor-version":[{"id":68694,"href":"https:\/\/radiowebmx.com\/nota\/wp-json\/wp\/v2\/posts\/68692\/revisions\/68694"}],"wp:featuredmedia":[{"embeddable":true,"href":"https:\/\/radiowebmx.com\/nota\/wp-json\/wp\/v2\/media\/68693"}],"wp:attachment":[{"href":"https:\/\/radiowebmx.com\/nota\/wp-json\/wp\/v2\/media?parent=68692"}],"wp:term":[{"taxonomy":"category","embeddable":true,"href":"https:\/\/radiowebmx.com\/nota\/wp-json\/wp\/v2\/categories?post=68692"},{"taxonomy":"post_tag","embeddable":true,"href":"https:\/\/radiowebmx.com\/nota\/wp-json\/wp\/v2\/tags?post=68692"}],"curies":[{"name":"wp","href":"https:\/\/api.w.org\/{rel}","templated":true}]}}