{"id":6869,"date":"2014-05-08T15:53:22","date_gmt":"2014-05-08T20:53:22","guid":{"rendered":"https:\/\/radiowebmx.com\/nota\/?p=6869"},"modified":"2014-05-08T15:53:22","modified_gmt":"2014-05-08T20:53:22","slug":"patzcuaro-podria-perder-la-distincion-de-pueblo-magico","status":"publish","type":"post","link":"https:\/\/radiowebmx.com\/nota\/patzcuaro-podria-perder-la-distincion-de-pueblo-magico\/","title":{"rendered":"P\u00c1TZCUARO PODR\u00cdA PERDER LA DISTINCI\u00d3N DE PUEBLO M\u00c1GICO"},"content":{"rendered":"<p>Debido a que el municipio de P\u00e1tzcuaro en Michoac\u00e1n, no cuenta con plan ordenado de desarrollo que permita preservar su arquitectura, sus sitios, s\u00edmbolos y monumentos hist\u00f3ricos, podr\u00eda perder la distinci\u00f3n de Pueblo M\u00e1gico que otorga la Sectur, asegur\u00f3 el senador Salvador Vega Casillas.<\/p>\n<p>&nbsp;<\/p>\n<p>Vega Casillas revel\u00f3 que estudios realizados por expertos en patrimonio y turismo, catalogan a P\u00e1tzcuaro como un municipio con mucho potencial y belleza, pero con una mala administraci\u00f3n de sus atractivos y sobre todo con una imagen visual en decadencia.<\/p>\n<p>&nbsp;<\/p>\n<p>&#8220;Esto se debe a que han querido hacer de P\u00e1tzcuaro un sitio tur\u00edstico potenciado, y han permitido la colocaci\u00f3n de puestos ambulantes, mercados sin orden ni limpieza, lo cual afecta directamente en la imagen urbana y es por ello que podr\u00eda perder su distintivo&#8221;.<\/p>\n<p>&nbsp;<\/p>\n<p>El senador de la Rep\u00fablica coincidi\u00f3 con el Colegio de Arquitectos de Michoac\u00e1n en que a P\u00e1tzcuaro se le ha hecho promoci\u00f3n como si fuera Disneylandia, cuando el tipo de turistas son muy distintos y eso hace que se pierda el sentido nato de lo que la zona puede ofrecer.<\/p>\n<p>&nbsp;<\/p>\n<p>Record\u00f3 que para pertenecer al programa de Pueblo M\u00e1gico, los municipios tienen que cumplir con ciertos requisitos como conservan atributos simb\u00f3licos y una bella arquitectura; ser protagonistas de hechos trascendentales y leyendas; ser pueblos muy antiguos por historia y cultura; una cotidianidad intacta; y que sus habitantes mantengan sus costumbres y tradiciones.<\/p>\n<p>&nbsp;<\/p>\n<p>El panista indic\u00f3 que ser Pueblo M\u00e1gico ser\u00eda el pre\u00e1mbulo para subir a Patrimonio Cultural de la Humanidad por la UNESCO, pero que en las condiciones en que se encuentran las viviendas en el municipio y sus tenencias, mismas que no han tenido el mantenimiento adecuado, ser\u00e1 casi imposible en este momento.<\/p>\n<p>&nbsp;<\/p>\n<p>&#8220;Se le ha buscado por muchos lados a P\u00e1tzcuaro para ser declarado Patrimonio Cultural, en una ocasi\u00f3n tramitaron que fuera por el Lago, pero se est\u00e1 acabando y fue rechazado; la responsabilidad es de la mala administraci\u00f3n que se ha tenido, sus sitios y monumentos no han sido restaurados de la manera correcta y presentan deterioro&#8221;.<\/p>\n<p>&nbsp;<\/p>\n<p>El legislador albiazul urgi\u00f3 a que se tome en cuenta como prioridad el caso de P\u00e1tzcuaro, pues de lo contrario Michoac\u00e1n perder\u00eda a su primer Pueblo M\u00e1gico, y m\u00e1s que eso, se comienzan a destruir atractivos tur\u00edsticos importantes.<\/p>\n<p>&nbsp;<\/p>\n","protected":false},"excerpt":{"rendered":"<p>Debido a que el municipio de P\u00e1tzcuaro en Michoac\u00e1n, no cuenta con plan ordenado de desarrollo que permita preservar su arquitectura, sus sitios, s\u00edmbolos y monumentos hist\u00f3ricos, podr\u00eda perder la distinci\u00f3n de Pueblo M\u00e1gico que otorga la Sectur, asegur\u00f3 el senador Salvador Vega Casillas.<\/p>\n","protected":false},"author":1,"featured_media":0,"comment_status":"open","ping_status":"open","sticky":false,"template":"","format":"standard","meta":{"footnotes":""},"categories":[6,8],"tags":[],"class_list":["post-6869","post","type-post","status-publish","format-standard","hentry","category-congreso-del-estado","category-grupo-parlamentario-del-pan"],"_links":{"self":[{"href":"https:\/\/radiowebmx.com\/nota\/wp-json\/wp\/v2\/posts\/6869","targetHints":{"allow":["GET"]}}],"collection":[{"href":"https:\/\/radiowebmx.com\/nota\/wp-json\/wp\/v2\/posts"}],"about":[{"href":"https:\/\/radiowebmx.com\/nota\/wp-json\/wp\/v2\/types\/post"}],"author":[{"embeddable":true,"href":"https:\/\/radiowebmx.com\/nota\/wp-json\/wp\/v2\/users\/1"}],"replies":[{"embeddable":true,"href":"https:\/\/radiowebmx.com\/nota\/wp-json\/wp\/v2\/comments?post=6869"}],"version-history":[{"count":1,"href":"https:\/\/radiowebmx.com\/nota\/wp-json\/wp\/v2\/posts\/6869\/revisions"}],"predecessor-version":[{"id":6870,"href":"https:\/\/radiowebmx.com\/nota\/wp-json\/wp\/v2\/posts\/6869\/revisions\/6870"}],"wp:attachment":[{"href":"https:\/\/radiowebmx.com\/nota\/wp-json\/wp\/v2\/media?parent=6869"}],"wp:term":[{"taxonomy":"category","embeddable":true,"href":"https:\/\/radiowebmx.com\/nota\/wp-json\/wp\/v2\/categories?post=6869"},{"taxonomy":"post_tag","embeddable":true,"href":"https:\/\/radiowebmx.com\/nota\/wp-json\/wp\/v2\/tags?post=6869"}],"curies":[{"name":"wp","href":"https:\/\/api.w.org\/{rel}","templated":true}]}}