{"id":68667,"date":"2019-10-21T18:40:04","date_gmt":"2019-10-21T23:40:04","guid":{"rendered":"https:\/\/radiowebmx.com\/nota\/?p=68667"},"modified":"2019-10-21T18:40:04","modified_gmt":"2019-10-21T23:40:04","slug":"gobierno-del-estado-valida-centro-de-capacitacion-musical-en-san-angel-zurumucapio","status":"publish","type":"post","link":"https:\/\/radiowebmx.com\/nota\/gobierno-del-estado-valida-centro-de-capacitacion-musical-en-san-angel-zurumucapio\/","title":{"rendered":"Gobierno del Estado v\u00e1lida Centro de Capacitaci\u00f3n Musical en San \u00c1ngel Zurumucapio"},"content":{"rendered":"<p>Como parte de los compromisos del Gobierno de Silvano Aureoles Conejo, con el Consejo Supremo Ind\u00edgena de Michoac\u00e1n, se entreg\u00f3 la clave de trabajo al Centro de Capacitaci\u00f3n Musical \u201cUbaldo Morales Rivera\u201d, en San \u00c1ngel Zurumucapio, perteneciente al municipio de Ziracuaretiro, el cual operar\u00e1 en las instalaciones del Colegio de Bachilleres de la misma comunidad.<\/p>\n<p>Mar\u00eda Guadalupe D\u00edaz Chagolla, directora general del Instituto de la Infraestructura F\u00edsica Educativa del Estado de Michoac\u00e1n (IIFEEM), presidi\u00f3 la entrega de la clave que avala los estudios por parte de la Secretaria de Educaci\u00f3n en el Estado, se\u00f1al\u00f3 que para el mandatario estatal es una prioridad generar condiciones para que las y los j\u00f3venes se puedan desarrollar culturalmente, adem\u00e1s de fomentar y respetar las tradiciones de cada regi\u00f3n, por ello se ha trabajado de manera respetuosa y coordinadamente con los integrantes del Consejo Supremo Ind\u00edgena de Michoac\u00e1n.<\/p>\n<p>En su mensaje, Pavel Ulianov Guzm\u00e1n, integrante del Consejo Supremo Ind\u00edgena de Michoac\u00e1n, agradeci\u00f3 al gobernador michoacano, por autorizar esta gesti\u00f3n y aprobar este proyecto, \u201cesta escuela de m\u00fasica es un producto de mucho trabajo y esfuerzo, es un proyecto muy noble para la juventud\u201d, ponder\u00f3.<\/p>\n<p>En su oportunidad el presidente municipal, Jos\u00e9 Rodr\u00edguez Baca, agradeci\u00f3 el apoyo por parte del Gobierno del Estado, ya que este centro de capacitaci\u00f3n musical no s\u00f3lo va a beneficiar a la comunidad, sino a toda la regi\u00f3n y ser\u00e1 formadora de grandes m\u00fasicos\u201d.<\/p>\n<p>Ra\u00fal Gama Reynoso, director de educaci\u00f3n extraescolar de la SEE, indic\u00f3 que este CECAM va a \u00a0pertenecer a educaci\u00f3n b\u00e1sica, \u00a0el cual se regir\u00e1 a trav\u00e9s de este nivel, \u201cla intenci\u00f3n es fortalecer el centro traeremos a diversos especialistas en m\u00fasica, si se requiere de las misiones culturales para que tengan los maestros sufiecientes para su ense\u00f1anza\u201d.<\/p>\n<p>Supervisan infraestructura en la primaria \u201cNi\u00f1os H\u00e9roes\u201d<br \/>\nGuadalupe D\u00edaz Chagolla, en compa\u00f1\u00eda del presidente municipal, visit\u00f3 la Primaria \u201cNi\u00f1os H\u00e9roes\u201d, para detectar las necesidades prioritarias del plantel donde resalt\u00f3 que la educaci\u00f3n de calidad y dignificaci\u00f3n de las escuelas es uno de los ejes prioritarios del mandatario estatal.<\/p>\n<p>Puntualiz\u00f3 que el Gobernador Silvano Aureoles Conejo, est\u00e1 comprometido con la educaci\u00f3n, por eso a trav\u00e9s de la construcci\u00f3n, rehabilitaci\u00f3n y\/o el equipamiento se pretende dar un nuevo rostro a las escuelas de Michoac\u00e1n.<\/p>\n<p>Posteriormente se trasladaron al Telebachillerato Comunitario, de la localidad de Caracha, donde actualmente, el gobierno \u00a0municipal construye 2 aulas did\u00e1cticas, asimismo el ser\u00e1 atendido por parte del Gobierno del Estado, con la dotaci\u00f3n de mobiliario y plaza c\u00edvica, para fortalecer la educaci\u00f3n media superior y las y los j\u00f3venes tengan espacios dignos.<\/p>\n<p>Por su parte, el mun\u00edcipe Jos\u00e9 Rodr\u00edguez, agradeci\u00f3 el respaldo del Gobierno del Estatal y se dijo aliado de la educaci\u00f3n, ya que ha trabajado y seguir\u00e1 trabajando coordinadamente con el Estado para el mejoramiento de las instituciones educativas<\/p>\n","protected":false},"excerpt":{"rendered":"<p>Como parte de los compromisos del Gobierno de Silvano Aureoles Conejo, con el Consejo Supremo Ind\u00edgena de Michoac\u00e1n, se entreg\u00f3 la clave de trabajo al Centro de Capacitaci\u00f3n Musical \u201cUbaldo Morales Rivera\u201d, en San \u00c1ngel Zurumucapio, perteneciente al municipio de Ziracuaretiro, el cual operar\u00e1 en las instalaciones del Colegio de Bachilleres de la misma comunidad. [&hellip;]<\/p>\n","protected":false},"author":2,"featured_media":68668,"comment_status":"closed","ping_status":"closed","sticky":false,"template":"","format":"standard","meta":{"footnotes":""},"categories":[6],"tags":[],"class_list":["post-68667","post","type-post","status-publish","format-standard","has-post-thumbnail","hentry","category-congreso-del-estado"],"_links":{"self":[{"href":"https:\/\/radiowebmx.com\/nota\/wp-json\/wp\/v2\/posts\/68667","targetHints":{"allow":["GET"]}}],"collection":[{"href":"https:\/\/radiowebmx.com\/nota\/wp-json\/wp\/v2\/posts"}],"about":[{"href":"https:\/\/radiowebmx.com\/nota\/wp-json\/wp\/v2\/types\/post"}],"author":[{"embeddable":true,"href":"https:\/\/radiowebmx.com\/nota\/wp-json\/wp\/v2\/users\/2"}],"replies":[{"embeddable":true,"href":"https:\/\/radiowebmx.com\/nota\/wp-json\/wp\/v2\/comments?post=68667"}],"version-history":[{"count":1,"href":"https:\/\/radiowebmx.com\/nota\/wp-json\/wp\/v2\/posts\/68667\/revisions"}],"predecessor-version":[{"id":68669,"href":"https:\/\/radiowebmx.com\/nota\/wp-json\/wp\/v2\/posts\/68667\/revisions\/68669"}],"wp:featuredmedia":[{"embeddable":true,"href":"https:\/\/radiowebmx.com\/nota\/wp-json\/wp\/v2\/media\/68668"}],"wp:attachment":[{"href":"https:\/\/radiowebmx.com\/nota\/wp-json\/wp\/v2\/media?parent=68667"}],"wp:term":[{"taxonomy":"category","embeddable":true,"href":"https:\/\/radiowebmx.com\/nota\/wp-json\/wp\/v2\/categories?post=68667"},{"taxonomy":"post_tag","embeddable":true,"href":"https:\/\/radiowebmx.com\/nota\/wp-json\/wp\/v2\/tags?post=68667"}],"curies":[{"name":"wp","href":"https:\/\/api.w.org\/{rel}","templated":true}]}}