{"id":68655,"date":"2019-10-21T18:34:27","date_gmt":"2019-10-21T23:34:27","guid":{"rendered":"https:\/\/radiowebmx.com\/nota\/?p=68655"},"modified":"2019-10-21T18:34:27","modified_gmt":"2019-10-21T23:34:27","slug":"estado-mexicano-no-debe-ponerse-de-rodillas-ante-la-delincuencia-gpprd","status":"publish","type":"post","link":"https:\/\/radiowebmx.com\/nota\/estado-mexicano-no-debe-ponerse-de-rodillas-ante-la-delincuencia-gpprd\/","title":{"rendered":"Estado Mexicano no debe ponerse de rodillas ante la delincuencia: GPPRD"},"content":{"rendered":"<p>Condenan diputados perredistas lo sucedido en Culiac\u00e1n y la errada estrategia del Gobierno Federal en materia de seguridad nacional<\/p>\n<p>Los diputados integrantes del Grupo Parlamentario del Partido de la Revoluci\u00f3n Democr\u00e1tica en la LXXIV Legislatura del Congreso del Estado, condenaron en\u00e9rgicamente los hechos ocurridos el jueves en Culiac\u00e1n, Sinaloa, as\u00ed como la errada estrategia del Gobierno Federal en materia de seguridad nacional, recalcando que el Estado Mexicano no debe ponerse de rodillas ante la delincuencia.<\/p>\n<p>La diputada coordinadora parlamentaria, Araceli Saucedo Reyes, junto con los diputados Norberto Antonio Mart\u00ednez Soto, Octavio Ocampo C\u00f3rdova, \u00a0Antonio Soto S\u00e1nchez y Humberto Gonz\u00e1lez Villag\u00f3mez, subrayaron que el Gobierno Federal no puede abdicar a sus responsabilidades constitucionales, ni a garantizar el Estado de Derecho en todo el territorio nacional.<\/p>\n<p>Calificaron como un cap\u00edtulo negro para la historia nacional lo acontecido en las calles de Culiac\u00e1n, en donde la poblaci\u00f3n fue reh\u00e9n de una fallida acci\u00f3n de las fuerzas de seguridad federal, en donde la ausencia de una estrategia adecuada evidenci\u00f3 la falta de capacidad del Gobierno Federal para hacer frente al enorme reto que requiere M\u00e9xico en materia de seguridad.<\/p>\n<p>La y los legisladores perredistas consideraron como un hecho de verg\u00fcenza para M\u00e9xico en el concierto internacional, la determinaci\u00f3n de liberar a un l\u00edder delincuencial a los pocos minutos de haberlo detenido por la incapacidad del Estado Mexicano para contener una situaci\u00f3n de crisis, lo que pone de manifiesto la ausencia de una estrategia viable.<\/p>\n<p>Exigieron al presidente Andr\u00e9s Manuel L\u00f3pez Obrador asuma plenamente su responsabilidad y tome las medidas conducentes no corregir el rumbo evidentemente fallido en materia de seguridad, y que a lo largo de esta semana ha dejado dolorosos ejemplos de violencia y sangre en diferentes partes del territorio nacional<\/p>\n","protected":false},"excerpt":{"rendered":"<p>Condenan diputados perredistas lo sucedido en Culiac\u00e1n y la errada estrategia del Gobierno Federal en materia de seguridad nacional Los diputados integrantes del Grupo Parlamentario del Partido de la Revoluci\u00f3n Democr\u00e1tica en la LXXIV Legislatura del Congreso del Estado, condenaron en\u00e9rgicamente los hechos ocurridos el jueves en Culiac\u00e1n, Sinaloa, as\u00ed como la errada estrategia del [&hellip;]<\/p>\n","protected":false},"author":2,"featured_media":68656,"comment_status":"closed","ping_status":"closed","sticky":false,"template":"","format":"standard","meta":{"footnotes":""},"categories":[6],"tags":[],"class_list":["post-68655","post","type-post","status-publish","format-standard","has-post-thumbnail","hentry","category-congreso-del-estado"],"_links":{"self":[{"href":"https:\/\/radiowebmx.com\/nota\/wp-json\/wp\/v2\/posts\/68655","targetHints":{"allow":["GET"]}}],"collection":[{"href":"https:\/\/radiowebmx.com\/nota\/wp-json\/wp\/v2\/posts"}],"about":[{"href":"https:\/\/radiowebmx.com\/nota\/wp-json\/wp\/v2\/types\/post"}],"author":[{"embeddable":true,"href":"https:\/\/radiowebmx.com\/nota\/wp-json\/wp\/v2\/users\/2"}],"replies":[{"embeddable":true,"href":"https:\/\/radiowebmx.com\/nota\/wp-json\/wp\/v2\/comments?post=68655"}],"version-history":[{"count":1,"href":"https:\/\/radiowebmx.com\/nota\/wp-json\/wp\/v2\/posts\/68655\/revisions"}],"predecessor-version":[{"id":68657,"href":"https:\/\/radiowebmx.com\/nota\/wp-json\/wp\/v2\/posts\/68655\/revisions\/68657"}],"wp:featuredmedia":[{"embeddable":true,"href":"https:\/\/radiowebmx.com\/nota\/wp-json\/wp\/v2\/media\/68656"}],"wp:attachment":[{"href":"https:\/\/radiowebmx.com\/nota\/wp-json\/wp\/v2\/media?parent=68655"}],"wp:term":[{"taxonomy":"category","embeddable":true,"href":"https:\/\/radiowebmx.com\/nota\/wp-json\/wp\/v2\/categories?post=68655"},{"taxonomy":"post_tag","embeddable":true,"href":"https:\/\/radiowebmx.com\/nota\/wp-json\/wp\/v2\/tags?post=68655"}],"curies":[{"name":"wp","href":"https:\/\/api.w.org\/{rel}","templated":true}]}}