{"id":68652,"date":"2019-10-21T18:32:02","date_gmt":"2019-10-21T23:32:02","guid":{"rendered":"https:\/\/radiowebmx.com\/nota\/?p=68652"},"modified":"2019-10-21T18:32:02","modified_gmt":"2019-10-21T23:32:02","slug":"avanza-paquete-legislativo-ambiental-listo-el-dictamen-tony-martinez","status":"publish","type":"post","link":"https:\/\/radiowebmx.com\/nota\/avanza-paquete-legislativo-ambiental-listo-el-dictamen-tony-martinez\/","title":{"rendered":"Avanza paquete legislativo ambiental, listo el dictamen: Tony Mart\u00ednez"},"content":{"rendered":"<ul>\n<li>Se turnar\u00e1 al Pleno en pr\u00f3ximos d\u00edas<\/li>\n<\/ul>\n<p>&nbsp;<\/p>\n<div>Michoac\u00e1n avanzar\u00e1 en el cuidado y protecci\u00f3n del medio ambiente, toda vez que en la Comisi\u00f3n Desarrollo Sustentable y Medio Ambiente en la LXXIV Legislatura en el Congreso del Estado, se dictamin\u00f3 el paquete legislativo que turn\u00f3 el Ejecutivo Estatal al Poder Legislativo, afirm\u00f3 el diputado Tony Mart\u00ednez Soto.<\/p>\n<p>El diputado refiri\u00f3 que se lograron acuerdos al interior de la comisi\u00f3n y con sus compa\u00f1eras legisladoras Mayela del Carmen Salas y Lucila Mart\u00ednez Manr\u00edquez, y se dictamin\u00f3 el paquete que ser\u00e1 turnado al Pleno del Congreso del Estado en pr\u00f3ximos d\u00edas.<\/p>\n<p>Con ello, se redireccionar\u00e1n las pol\u00edticas p\u00fablicas a favor del medio ambiente y establecen las conductas de particulares o empresas que ahora se sujetar\u00e1n a sanciones por el da\u00f1o ambiental que por acci\u00f3n u omisi\u00f3n realicen.<\/p>\n<p>Destac\u00f3 que con el marco jur\u00eddico que se someter\u00e1 a consideraci\u00f3n del Pleno del Congreso en pr\u00f3ximos d\u00edas se establece la eliminaci\u00f3n gradual de los pl\u00e1sticos y productos derivados del poliestireno de un solo uso, con el prop\u00f3sito de reducir la utilizaci\u00f3n de bolsas, envases, embalajes o empaques que se proporcionan en establecimientos mercantiles.<\/p>\n<p>Con ello Michoac\u00e1n caminar\u00e1 al fortalecimiento del Seguro Ambiental y Garant\u00eda Financiera, ya que se har\u00e1 efectivo el principio de que quien contamina paga, y quienes generen da\u00f1os graves o muy graves al medio ambiente, tendr\u00e1n que asumirlo.<\/p>\n<p>Tony Mart\u00ednez enfatiz\u00f3 que se establecen tambi\u00e9n los requisitos de la evaluaci\u00f3n de impacto ambiental, de la licencia ambiental \u00fanica, de los estudios de da\u00f1os, aplicando par\u00e1metros de multa, los cuales pueden ser leves, graves o muy graves, dependiendo del deterioro o da\u00f1o producido al medio ambiente.<\/p>\n<p>\u201cEn este paquete ambiental se involucra a los ayuntamientos para que en la formulaci\u00f3n y aplicaci\u00f3n de instrumentos de pol\u00edtica ambiental en los servicios p\u00fablicos que presten a la comunidad, se realicen desde la \u00f3ptica de la sustentabilidad y cuidado del medio ambiente\u201d.<\/p>\n<p>Sobre lo que respecta a la prevenci\u00f3n y gesti\u00f3n integral de residuos se establece el manejo correcto y adecuado de los desechos pl\u00e1sticos generados en centros de concentraci\u00f3n masiva de personas, de la disposici\u00f3n de las llantas de veh\u00edculos automotores, as\u00ed como promover campa\u00f1as para la recopilaci\u00f3n de pilas y bater\u00edas desde el nivel municipal.<\/p>\n<p>En lo que refiere a responsabilidad ambiental se fija la regla que el seguro de responsabilidad civil por da\u00f1os ambientales sea esta una garant\u00eda destinada a cubrir los da\u00f1os ocasionados al medio ambiente por actividades econ\u00f3micas productiva o profesional.<\/p>\n<p>Comprometidos con el cambio clim\u00e1tico y cuidado de los recursos naturales, Tony Mart\u00ednez detall\u00f3 que se establece la prohibici\u00f3n de los ca\u00f1ones antigranizo, as\u00ed como reducir la emisi\u00f3n de gases de efecto invernadero, adem\u00e1s el uso de fuentes renovables de energ\u00eda dentro de la geograf\u00eda del estado, tema que es muy demandado por los ciudadanos en varios municipios de la entidad.<\/p>\n<p>En el tema forestal se levantar\u00e1 un padr\u00f3n de los viveros que hacen uso de la tierra de monte y de hoja, manejando reglas de operaci\u00f3n y sanciones para persona f\u00edsica o moral que no cumpla con la presente disposici\u00f3n, as\u00ed como materia prima de productos forestales, maderables y no maderables y que de manera intencional o imprudencia incendia terrenos forestales.<\/p>\n<p>Finalmente, destac\u00f3 que en este paquete legislativo en materia ambiental tambi\u00e9n se establecen sanciones para quienes atenten contra los recursos naturales, ya que la protecci\u00f3n de los mismos debe estar garantizada en la legislaci\u00f3n, lo que se traduce en mejor presente para todos los que en Michoac\u00e1n habitan<\/p><\/div>\n","protected":false},"excerpt":{"rendered":"<p>Se turnar\u00e1 al Pleno en pr\u00f3ximos d\u00edas &nbsp; Michoac\u00e1n avanzar\u00e1 en el cuidado y protecci\u00f3n del medio ambiente, toda vez que en la Comisi\u00f3n Desarrollo Sustentable y Medio Ambiente en la LXXIV Legislatura en el Congreso del Estado, se dictamin\u00f3 el paquete legislativo que turn\u00f3 el Ejecutivo Estatal al Poder Legislativo, afirm\u00f3 el diputado Tony [&hellip;]<\/p>\n","protected":false},"author":2,"featured_media":68653,"comment_status":"closed","ping_status":"closed","sticky":false,"template":"","format":"standard","meta":{"footnotes":""},"categories":[6],"tags":[],"class_list":["post-68652","post","type-post","status-publish","format-standard","has-post-thumbnail","hentry","category-congreso-del-estado"],"_links":{"self":[{"href":"https:\/\/radiowebmx.com\/nota\/wp-json\/wp\/v2\/posts\/68652","targetHints":{"allow":["GET"]}}],"collection":[{"href":"https:\/\/radiowebmx.com\/nota\/wp-json\/wp\/v2\/posts"}],"about":[{"href":"https:\/\/radiowebmx.com\/nota\/wp-json\/wp\/v2\/types\/post"}],"author":[{"embeddable":true,"href":"https:\/\/radiowebmx.com\/nota\/wp-json\/wp\/v2\/users\/2"}],"replies":[{"embeddable":true,"href":"https:\/\/radiowebmx.com\/nota\/wp-json\/wp\/v2\/comments?post=68652"}],"version-history":[{"count":1,"href":"https:\/\/radiowebmx.com\/nota\/wp-json\/wp\/v2\/posts\/68652\/revisions"}],"predecessor-version":[{"id":68654,"href":"https:\/\/radiowebmx.com\/nota\/wp-json\/wp\/v2\/posts\/68652\/revisions\/68654"}],"wp:featuredmedia":[{"embeddable":true,"href":"https:\/\/radiowebmx.com\/nota\/wp-json\/wp\/v2\/media\/68653"}],"wp:attachment":[{"href":"https:\/\/radiowebmx.com\/nota\/wp-json\/wp\/v2\/media?parent=68652"}],"wp:term":[{"taxonomy":"category","embeddable":true,"href":"https:\/\/radiowebmx.com\/nota\/wp-json\/wp\/v2\/categories?post=68652"},{"taxonomy":"post_tag","embeddable":true,"href":"https:\/\/radiowebmx.com\/nota\/wp-json\/wp\/v2\/tags?post=68652"}],"curies":[{"name":"wp","href":"https:\/\/api.w.org\/{rel}","templated":true}]}}