{"id":6865,"date":"2014-05-07T15:33:48","date_gmt":"2014-05-07T20:33:48","guid":{"rendered":"https:\/\/radiowebmx.com\/nota\/?p=6865"},"modified":"2014-05-07T15:33:48","modified_gmt":"2014-05-07T20:33:48","slug":"pgje-y-ssp-detienen-a-probable-responsable-de-lesionar-a-un-menor-de-edad-en-estados-unidos","status":"publish","type":"post","link":"https:\/\/radiowebmx.com\/nota\/pgje-y-ssp-detienen-a-probable-responsable-de-lesionar-a-un-menor-de-edad-en-estados-unidos\/","title":{"rendered":"PGJE y SSP detienen a probable responsable de lesionar a un menor de edad en Estados Unidos"},"content":{"rendered":"<p>Como parte del Tratado Internacional de Extradiciones y los convenios de colaboraci\u00f3n con autoridades norteamericanas, personal de la Procuradur\u00eda General de Justicia de Michoac\u00e1n y la Secretar\u00eda de Seguridad P\u00fablica estatal lograron la aprehensi\u00f3n de una persona probable responsable del delito de lesiones en segundo grado en contra de un menor de edad.<\/p>\n<p>Seg\u00fan consta en el proceso penal, el hecho ocurri\u00f3 el 31 de marzo del 2006, cuando el ahora detenido de nombre Rafael \u201cX\u201d, de 37 a\u00f1os de edad, asisti\u00f3 en compa\u00f1\u00eda de su esposa a un hospital en la ciudad norteamericana de Seattle, Washington, para que atendieran a su hija de 4 meses, quien se encontraba lesionada.<\/p>\n<p>Luego de las pr\u00e1cticas m\u00e9dicas correspondientes, los galenos dictaminaron que la menor presentaba una hemorragia en el ojo izquierdo y lesiones en la parte baja de su cuerpo, adem\u00e1s, detectaron que contaba con otras fracturas anteriores en sus costillas y piernas, por lo cual, los empleados del nosocomio dieron parte a las autoridades policiales.<\/p>\n<p>Tras una serie de investigaciones, los agentes de seguridad determinaron que las heridas fueron causadas por lesiones o abuso a la menor, por lo que, al continuar con las pesquisas y someter al indiciado a juicio, este se declar\u00f3 culpable, ya que confes\u00f3 que hab\u00eda perdido el control y golpe\u00f3 a la menor, al ver que no dejaba de llorar.<\/p>\n<p>Por lo cual, el ahora detenido decidi\u00f3 abandonar el vecino pa\u00eds del norte y trasladarse a este municipio de Apatzing\u00e1n, para evitar ser detenido por las autoridades de aquel pa\u00eds, sin embargo, derivado de los trabajos de investigaci\u00f3n e inteligencia, personal de la Procuradur\u00eda General de Justicia de Michoac\u00e1n \u00a0y la Secretar\u00eda de Seguridad P\u00fablica Estatal lograron ubicarlo y se procedi\u00f3 a su detenci\u00f3n.<\/p>\n<p>El detenido fue puesto a disposici\u00f3n de la Procuradur\u00eda General de la Rep\u00fablica, donde deber\u00e1n de culminar tr\u00e1mites legales correspondientes para su extradici\u00f3n.<\/p>\n","protected":false},"excerpt":{"rendered":"<p>Como parte del Tratado Internacional de Extradiciones y los convenios de colaboraci\u00f3n con autoridades norteamericanas, personal de la Procuradur\u00eda General de Justicia de Michoac\u00e1n y la Secretar\u00eda de Seguridad P\u00fablica estatal lograron la aprehensi\u00f3n de una persona probable responsable del delito de lesiones en segundo grado en contra de un menor de edad.<\/p>\n","protected":false},"author":1,"featured_media":0,"comment_status":"open","ping_status":"open","sticky":false,"template":"","format":"standard","meta":{"footnotes":""},"categories":[3],"tags":[],"class_list":["post-6865","post","type-post","status-publish","format-standard","hentry","category-gobierno-del-estado-de-michoacan"],"_links":{"self":[{"href":"https:\/\/radiowebmx.com\/nota\/wp-json\/wp\/v2\/posts\/6865","targetHints":{"allow":["GET"]}}],"collection":[{"href":"https:\/\/radiowebmx.com\/nota\/wp-json\/wp\/v2\/posts"}],"about":[{"href":"https:\/\/radiowebmx.com\/nota\/wp-json\/wp\/v2\/types\/post"}],"author":[{"embeddable":true,"href":"https:\/\/radiowebmx.com\/nota\/wp-json\/wp\/v2\/users\/1"}],"replies":[{"embeddable":true,"href":"https:\/\/radiowebmx.com\/nota\/wp-json\/wp\/v2\/comments?post=6865"}],"version-history":[{"count":1,"href":"https:\/\/radiowebmx.com\/nota\/wp-json\/wp\/v2\/posts\/6865\/revisions"}],"predecessor-version":[{"id":6866,"href":"https:\/\/radiowebmx.com\/nota\/wp-json\/wp\/v2\/posts\/6865\/revisions\/6866"}],"wp:attachment":[{"href":"https:\/\/radiowebmx.com\/nota\/wp-json\/wp\/v2\/media?parent=6865"}],"wp:term":[{"taxonomy":"category","embeddable":true,"href":"https:\/\/radiowebmx.com\/nota\/wp-json\/wp\/v2\/categories?post=6865"},{"taxonomy":"post_tag","embeddable":true,"href":"https:\/\/radiowebmx.com\/nota\/wp-json\/wp\/v2\/tags?post=6865"}],"curies":[{"name":"wp","href":"https:\/\/api.w.org\/{rel}","templated":true}]}}