{"id":68649,"date":"2019-10-21T18:28:48","date_gmt":"2019-10-21T23:28:48","guid":{"rendered":"https:\/\/radiowebmx.com\/nota\/?p=68649"},"modified":"2019-10-21T18:28:48","modified_gmt":"2019-10-21T23:28:48","slug":"a-propuesta-de-humberto-gonzalez-el-congreso-exhorta-a-la-federacion-a-fortalecer-la-seguridad-en-michoacan","status":"publish","type":"post","link":"https:\/\/radiowebmx.com\/nota\/a-propuesta-de-humberto-gonzalez-el-congreso-exhorta-a-la-federacion-a-fortalecer-la-seguridad-en-michoacan\/","title":{"rendered":"A propuesta de Humberto Gonz\u00e1lez el Congreso exhorta a la Federaci\u00f3n a fortalecer la seguridad en Michoac\u00e1n"},"content":{"rendered":"<p>Tras la tragedia registrada en el municipio de Aguililla, en el que perdieron la vida 13 elementos de la polic\u00eda Michoac\u00e1n en cumplimento de su deber y otros m\u00e1s resultaron heridos, el diputado Humberto Gonz\u00e1lez Villag\u00f3mez present\u00f3 un punto de acuerdo por el que se exhorta al Titular del Poder Ejecutivo Federal, Andr\u00e9s Manuel L\u00f3pez Obrador, para que tenga a bien instruir al Secretario de Seguridad P\u00fablica y Protecci\u00f3n Ciudadana Francisco Alfonso Durazo Monta\u00f1o, para que ordene a la Guardia Nacional que despliegue sus operaciones de manera eficaz en Michoac\u00e1n, el cual fue aprobado por el Pleno de la LXXIV Legislatura del Congreso del Estado.<\/p>\n<p>Tras lo sucedido en los municipios de Tepalcatepec, Uruapan y Aguililla, el legislador propuso demandar mayor presencia de elementos federales en la entidad, as\u00ed como la coordinaci\u00f3n entre las autoridades de los diversos niveles de gobierno, para contribuir en la generaci\u00f3n y preservaci\u00f3n del orden p\u00fablico y la paz social en la entidad.<\/p>\n<p>A propuesta del presidente de la Comisi\u00f3n de Seguridad P\u00fablica y Protecci\u00f3n Civil en la LXXIV Legislatura tambi\u00e9n se exhort\u00f3 a los Congresos Locales de las treinta y un Entidades Federativas para que se sumen a esta propuesta y que, desde sus tribunas, al un\u00edsono, alcen la voz, para exigir de manera urgente a las autoridades federal, estatales y municipales correspondientes elaboren estrategias en conjunto con las que busquen la paz social y el restablecimiento del orden p\u00fablico.<\/p>\n<p>El punto de acuerdo propuesto por Humberto Gonz\u00e1lez adem\u00e1s convoca a que las autoridades municipales de Michoac\u00e1n, que a\u00fan no trabajan en coordinaci\u00f3n con el Gobierno del Estado en los temas de seguridad p\u00fablica, a que firmen el convenio de colaboraci\u00f3n en la materia y se busquen estrategias de manera conjunta que ayuden en la prevenci\u00f3n del delito y de la violencia.<\/p>\n<p>En los casos de los municipios que ya firmaron el convenio de colaboraci\u00f3n, se les exhorta para que se acerquen con las autoridades del Gobierno del Estado y unan lazos que permitan fortalecer la colaboraci\u00f3n en los temas de seguridad p\u00fablica conforme a las necesidades reales de cada municipio.<\/p>\n<p>Humberto Gonz\u00e1lez manifest\u00f3 que la estrategia nacional debe incluir a los estados y municipios para garantizar la seguridad y combatir de manera eficaz la delincuencia, adem\u00e1s de que la conformaci\u00f3n de las instituciones de seguridad p\u00fablica requiere de la integraci\u00f3n de distintos perfiles, \u201cya dijo el Ejecutivo Federal que requerimos de la polic\u00eda militar, fuerzas armadas, los mejores perfiles de la polic\u00eda federal, y as\u00ed, juntos, hacer una Guardia Nacional, eficiente y con recursos suficientes tanto ejecutivos como estrat\u00e9gicos\u201d.<\/p>\n<p>Es por eso que, con la finalidad de salvaguardar la fortaleza de nuestras instituciones, la aplicaci\u00f3n de la ley y la seguridad de nuestros ciudadanos, reiter\u00f3 que se requiere mayor presencia de elementos de la Guardia Nacional en Michoac\u00e1n y que se priorice el combate a la inseguridad como prioridad en la agenda nacional.<\/p>\n<p>Reiter\u00f3 que la prioridad m\u00e1s all\u00e1 de quienes gobiernen en los estados y municipios debe ser la paz y seguridad de la sociedad, por lo que convoc\u00f3 a cerrar filas y trabajar unidos y coordinador para generar un mejor presente para todos.<\/p>\n","protected":false},"excerpt":{"rendered":"<p>Tras la tragedia registrada en el municipio de Aguililla, en el que perdieron la vida 13 elementos de la polic\u00eda Michoac\u00e1n en cumplimento de su deber y otros m\u00e1s resultaron heridos, el diputado Humberto Gonz\u00e1lez Villag\u00f3mez present\u00f3 un punto de acuerdo por el que se exhorta al Titular del Poder Ejecutivo Federal, Andr\u00e9s Manuel L\u00f3pez [&hellip;]<\/p>\n","protected":false},"author":2,"featured_media":68650,"comment_status":"closed","ping_status":"closed","sticky":false,"template":"","format":"standard","meta":{"footnotes":""},"categories":[6],"tags":[],"class_list":["post-68649","post","type-post","status-publish","format-standard","has-post-thumbnail","hentry","category-congreso-del-estado"],"_links":{"self":[{"href":"https:\/\/radiowebmx.com\/nota\/wp-json\/wp\/v2\/posts\/68649","targetHints":{"allow":["GET"]}}],"collection":[{"href":"https:\/\/radiowebmx.com\/nota\/wp-json\/wp\/v2\/posts"}],"about":[{"href":"https:\/\/radiowebmx.com\/nota\/wp-json\/wp\/v2\/types\/post"}],"author":[{"embeddable":true,"href":"https:\/\/radiowebmx.com\/nota\/wp-json\/wp\/v2\/users\/2"}],"replies":[{"embeddable":true,"href":"https:\/\/radiowebmx.com\/nota\/wp-json\/wp\/v2\/comments?post=68649"}],"version-history":[{"count":1,"href":"https:\/\/radiowebmx.com\/nota\/wp-json\/wp\/v2\/posts\/68649\/revisions"}],"predecessor-version":[{"id":68651,"href":"https:\/\/radiowebmx.com\/nota\/wp-json\/wp\/v2\/posts\/68649\/revisions\/68651"}],"wp:featuredmedia":[{"embeddable":true,"href":"https:\/\/radiowebmx.com\/nota\/wp-json\/wp\/v2\/media\/68650"}],"wp:attachment":[{"href":"https:\/\/radiowebmx.com\/nota\/wp-json\/wp\/v2\/media?parent=68649"}],"wp:term":[{"taxonomy":"category","embeddable":true,"href":"https:\/\/radiowebmx.com\/nota\/wp-json\/wp\/v2\/categories?post=68649"},{"taxonomy":"post_tag","embeddable":true,"href":"https:\/\/radiowebmx.com\/nota\/wp-json\/wp\/v2\/tags?post=68649"}],"curies":[{"name":"wp","href":"https:\/\/api.w.org\/{rel}","templated":true}]}}