{"id":68646,"date":"2019-10-21T18:27:29","date_gmt":"2019-10-21T23:27:29","guid":{"rendered":"https:\/\/radiowebmx.com\/nota\/?p=68646"},"modified":"2019-10-21T18:27:29","modified_gmt":"2019-10-21T23:27:29","slug":"las-mujeres-en-mexico-y-michoacan-estan-listas-para-gobernar-lucila-martinez","status":"publish","type":"post","link":"https:\/\/radiowebmx.com\/nota\/las-mujeres-en-mexico-y-michoacan-estan-listas-para-gobernar-lucila-martinez\/","title":{"rendered":"Las mujeres en M\u00e9xico y Michoac\u00e1n est\u00e1n listas para gobernar: Lucila Mart\u00ednez"},"content":{"rendered":"<p>Con motivo del aniversario de la promulgaci\u00f3n del decreto que otorga el derecho al voto a la mujer en M\u00e9xico, la diputada Lucila Mart\u00ednez Manr\u00edquez refiri\u00f3 que el compromiso con este sector se debe reflejar en los espacios y toma de decisiones, al resaltar que las mujeres est\u00e1n listas para gobernar y demostrar con hechos su compromiso con nuestro pa\u00eds.<\/p>\n<p>Al hacer uso de la M\u00e1xima Tribuna del Estado, la legisladora presidenta de la Comisi\u00f3n de Igualdad Sustantiva y de G\u00e9nero en la LXXIV Legislatura Local, convoc\u00f3 a sus compa\u00f1eros a recordar y tener presente, que la idea de que las mujeres pod\u00edan gobernar era absurda y rid\u00edcula, hoy es una realidad, por lo que hacerle justicia a este sector y garantizar un entorno libre de violencia es responsabilidad de todos.<\/p>\n<p>Las diputadas en este Congreso resalt\u00f3, \u201ctenemos el firme compromiso y responsabilidad con todas y con la sociedad en general, pues uno de los grandes desaf\u00edos es combatir la violencia de g\u00e9nero, ya que a pesar de reconocer la problem\u00e1tica y hablar de campa\u00f1as de prevenci\u00f3n, concientizaci\u00f3n, de programas para mejorar la calidad de vida y el acceso a los servicios de educaci\u00f3n y combate a la pobreza, no se tiene un camino claro hacia la soluci\u00f3n\u201d.<\/p>\n<p>Al conmemorarse el 66 aniversario del voto de la mujer en M\u00e9xico, \u201ctenemos que reconocer que gracias a que contamos con marcos jur\u00eddicos internacionales, nacionales y estatales que velan y protegen los derechos pol\u00edtico-electorales de la mujer, hemos ido ganando terreno al ocupar puestos de elecci\u00f3n popular; de igual forma los nombramientos que en adelante realicen los titulares de los poderes ejecutivo en los tres \u00f3rdenes de gobierno y los \u00f3rganos aut\u00f3nomos ser\u00e1n apegados al principio de paridad, lo que permitir\u00e1 que las decisiones de cientos de mujeres incidan en el desarrollo econ\u00f3mico, pol\u00edtico y social de nuestros pa\u00eds\u201d.<\/p>\n<p>Lucila Mart\u00ednez refiri\u00f3 que la participaci\u00f3n de la mujer en la pol\u00edtica es un instrumento para que con los mismos derechos, asumamos un rol activo y creativo y contribuyamos en la construcci\u00f3n de una ciudadan\u00eda de hombres y mujeres en la que predomine el respeto; para lograrlo, es importante que rumbo a las pr\u00f3ximas elecciones, se sume en los institutos pol\u00edticos a mujeres con actitud y compromiso social, se valore y se apoye a todas aquellas que con un gran potencial y conocimiento, han sido relegadas para otorgar los espacios a los hombres.<\/p>\n<p>\u201cHoy por hoy, las mujeres estamos listas no s\u00f3lo desde nuestras capacidades y habilidades personales; no s\u00f3lo desde nuestra fortaleza emocional; \u00a0estamos listas para llegar a escenarios desde donde podamos incidir a partir de la toma de decisiones responsable y sustancial; estamos listas para ser funcionarias, regidoras, presidentas municipales, diputadas y estamos listas para gobernar\u201d.<\/p>\n<p>Record\u00f3 que el reconocimiento de los derechos pol\u00edticos de la mujer ha sido consecuencia de innumerables luchas a trav\u00e9s de la historia a nivel nacional e internacional, pues el pensamiento retr\u00f3grada y machista en el que se destacaba la idea de que las mujeres estaban destinadas a casarse, tener hijos y depender de un hombre para vivir imperaba en muchos pa\u00edses del mundo; por muchos a\u00f1os las mujeres fueron consideradas como un grupo vulnerable, como resultado del sufrimiento de un severo nivel de opresi\u00f3n social y familiar en que resultaba inimaginable que las mujeres acudieran \u00a0urnas a manifestar su libre derecho de elegir a sus gobernantes<\/p>\n","protected":false},"excerpt":{"rendered":"<p>Con motivo del aniversario de la promulgaci\u00f3n del decreto que otorga el derecho al voto a la mujer en M\u00e9xico, la diputada Lucila Mart\u00ednez Manr\u00edquez refiri\u00f3 que el compromiso con este sector se debe reflejar en los espacios y toma de decisiones, al resaltar que las mujeres est\u00e1n listas para gobernar y demostrar con hechos [&hellip;]<\/p>\n","protected":false},"author":2,"featured_media":68647,"comment_status":"closed","ping_status":"closed","sticky":false,"template":"","format":"standard","meta":{"footnotes":""},"categories":[6],"tags":[],"class_list":["post-68646","post","type-post","status-publish","format-standard","has-post-thumbnail","hentry","category-congreso-del-estado"],"_links":{"self":[{"href":"https:\/\/radiowebmx.com\/nota\/wp-json\/wp\/v2\/posts\/68646","targetHints":{"allow":["GET"]}}],"collection":[{"href":"https:\/\/radiowebmx.com\/nota\/wp-json\/wp\/v2\/posts"}],"about":[{"href":"https:\/\/radiowebmx.com\/nota\/wp-json\/wp\/v2\/types\/post"}],"author":[{"embeddable":true,"href":"https:\/\/radiowebmx.com\/nota\/wp-json\/wp\/v2\/users\/2"}],"replies":[{"embeddable":true,"href":"https:\/\/radiowebmx.com\/nota\/wp-json\/wp\/v2\/comments?post=68646"}],"version-history":[{"count":1,"href":"https:\/\/radiowebmx.com\/nota\/wp-json\/wp\/v2\/posts\/68646\/revisions"}],"predecessor-version":[{"id":68648,"href":"https:\/\/radiowebmx.com\/nota\/wp-json\/wp\/v2\/posts\/68646\/revisions\/68648"}],"wp:featuredmedia":[{"embeddable":true,"href":"https:\/\/radiowebmx.com\/nota\/wp-json\/wp\/v2\/media\/68647"}],"wp:attachment":[{"href":"https:\/\/radiowebmx.com\/nota\/wp-json\/wp\/v2\/media?parent=68646"}],"wp:term":[{"taxonomy":"category","embeddable":true,"href":"https:\/\/radiowebmx.com\/nota\/wp-json\/wp\/v2\/categories?post=68646"},{"taxonomy":"post_tag","embeddable":true,"href":"https:\/\/radiowebmx.com\/nota\/wp-json\/wp\/v2\/tags?post=68646"}],"curies":[{"name":"wp","href":"https:\/\/api.w.org\/{rel}","templated":true}]}}