{"id":68642,"date":"2019-10-21T18:26:18","date_gmt":"2019-10-21T23:26:18","guid":{"rendered":"https:\/\/radiowebmx.com\/nota\/?p=68642"},"modified":"2019-10-21T18:26:18","modified_gmt":"2019-10-21T23:26:18","slug":"demanda-congreso-a-federacion-garantizar-abasto-de-medicamentos-para-ninos-con-cancer-lucila-martinez","status":"publish","type":"post","link":"https:\/\/radiowebmx.com\/nota\/demanda-congreso-a-federacion-garantizar-abasto-de-medicamentos-para-ninos-con-cancer-lucila-martinez\/","title":{"rendered":"Demanda Congreso a Federaci\u00f3n garantizar abasto de medicamentos para ni\u00f1os con c\u00e1ncer: Lucila Mart\u00ednez"},"content":{"rendered":"<ul>\n<li>El Pleno del Congreso del Estado aprob\u00f3 la propuesta presentada por varios legisladores<\/li>\n<\/ul>\n<p>&nbsp;<\/p>\n<div>El Pleno de la LXXIV Legislatura del Congreso del Estado aprob\u00f3 por unanimidad un punto de acuerdo por el cual se exhorta al Presidente de la Rep\u00fablica, Andr\u00e9s Manuel L\u00f3pez Obrador, a trav\u00e9s de la Secretar\u00eda de Salud, a efecto de que las instituciones p\u00fablicas de salud con residencia en nuestra entidad federativa dedicadas a la atenci\u00f3n de ni\u00f1os con c\u00e1ncer, sean abastecidas con los medicamentos suficientes para atender la demanda existente, en virtud de la escasez que se ha presentado a lo largo de los \u00faltimos meses.<\/p>\n<p>Este jueves en el marco de la sesi\u00f3n, la diputada Lucila Mart\u00ednez Manr\u00edquez, Adriana Hern\u00e1ndez I\u00f1iguez, Wilma Zavala, Octavio Ocampo y Tony Mart\u00ednez Soto presentaron este punto de acuerdo que fue avalado por unanimidad.<\/p>\n<p>Al hacer uso de la M\u00e1xima Tribuna del Estado, la legisladora hizo menci\u00f3n que la carencia de medicamentos lleg\u00f3 a un nivel tal que se registraron diversas protestas a lo largo del pa\u00eds, lleg\u00e1ndose al extremo de que padres de familia, desencantados con la actitud de diversos funcionarios de la administraci\u00f3n p\u00fablica federal, llegaron a bloquear los accesos del aeropuerto internacional Benito Ju\u00e1rez de la Ciudad de M\u00e9xico, lo que ocasion\u00f3 graves molestias a los usuarios de la terminal a\u00e9rea m\u00e1s importante del pa\u00eds.<\/p>\n<p>Expuso que el desabasto del medicamento metrotrexato, es muy grave ya que este f\u00e1rmaco es prioritario para el tratamiento de leucemia linfobl\u00e1stica aguda infantil, el cual evita las reca\u00eddas de los pacientes que se encuentran en tratamiento, pues protege el sistema nervioso central.<\/p>\n<p>\u201cSiendo muy objetivos, la carencia de este f\u00e1rmaco podr\u00eda generar un alto riesgo en la vida de los menores, por lo que resulta pertinente exhortar al titular del Poder Ejecutivo Federal, a trav\u00e9s de la Secretar\u00eda de Salud, a efecto de que se garantice el abasto de este insumo para proteger la vida de los menores de edad en nuestro Estado\u201d.<\/p>\n<p>Lucila Mart\u00ednez advirti\u00f3 que el no atender la problem\u00e1tica antes descrita podr\u00eda traducirse en un grave retroceso en materia sanitaria, puesto que se hab\u00eda logrado importantes logros en la atenci\u00f3n gratuita del c\u00e1ncer infantil, a partir del surgimiento del fondo de protecci\u00f3n contra gastos catastr\u00f3ficos previsto en la Ley General de Salud, con el cual se garantiz\u00f3 el acceso a tratamientos a aquellos menores desprovistos de seguridad social.<\/p>\n<p>\u201cHablar sobre el desabasto de medicamentos contra el c\u00e1ncer infantil adquiere consistencia en este momento, ya que estamos refiri\u00e9ndonos a un tema presente. Esto es as\u00ed, ya que, de acuerdo con el subsecretario de Salud del Estado, Carlos Ramos Esquivel, en el caso de medicamentos recetados para ni\u00f1os con alg\u00fan tipo de c\u00e1ncer, se tendr\u00edan dosis disponibles hasta este mes de octubre.\u201d<\/p>\n<p>La legisladora resalt\u00f3 que el Gobierno Federal refiere que, en M\u00e9xico de acuerdo con las proyecciones de la Poblaci\u00f3n de los municipios de M\u00e9xico 2010 &#8211; 2030 del Consejo Nacional de Poblaci\u00f3n (CONAPO), hasta el 2018 la poblaci\u00f3n de ni\u00f1os y adolescentes entre los 0 y los 19 a\u00f1os fue de 44,697,145, de los cuales 26,493,673 no cuentan con ning\u00fan tipo de Seguridad Social, situaci\u00f3n que resulta preocupante debido a que el c\u00e1ncer es una enfermedad costosa que ocasiona un gasto muy considerable en las familias de los pacientes y que puede condicionar, cierto grado de empobrecimiento.<\/p>\n<p>De conformidad con los datos del Registro de C\u00e1ncer en Ni\u00f1os y Adolescentes (RCNA) las tasas de Incidencia (por mill\u00f3n) hasta el 2017 fueron las siguientes: 89.6 Nacional, 111.4 en ni\u00f1os (0 a 9 a\u00f1os) y 68.1 en Adolescentes (10-19 a\u00f1os). Por grupo de edad, el grupo de 0 a 4 a\u00f1os present\u00f3 la mayor tasa de incidencia con 135.8, mientras que el grupo de adolescentes entre los 15 y los 19 a\u00f1os tuvo la menor incidencia con 52.6<\/p>\n<p>Las autoridades estatales refiere que esta enfermedad es la segunda causa de muerte entre la poblaci\u00f3n de 5 a 14 a\u00f1os y la tercera causa de muerte en la poblaci\u00f3n de 15 a 19 a\u00f1os. Hasta 2014 la tasa de mortalidad por c\u00e1ncer infantil observaba un comportamiento estable con relaci\u00f3n a los \u00faltimos cinco a\u00f1os, y con excepci\u00f3n del a\u00f1o 2013, la entidad se mantuvo por debajo de la tasa nacional de mortalidad por esta causa, debido al \u201cPrograma Estatal de Gratuidad\u201d y las aportaciones del Fondo de Protecci\u00f3n Contra Gastos Catastr\u00f3ficos del Seguro Popular.<\/p>\n<p>Es en este contexto que se vuelve ineludible referirse a la reciente crisis en materia de distribuci\u00f3n de medicamentos, cuya existencia fue reconocida incluso por el presidente de la Rep\u00fablica durante su conferencia de prensa matutina del pasado 23 de septiembre<\/p><\/div>\n","protected":false},"excerpt":{"rendered":"<p>El Pleno del Congreso del Estado aprob\u00f3 la propuesta presentada por varios legisladores &nbsp; El Pleno de la LXXIV Legislatura del Congreso del Estado aprob\u00f3 por unanimidad un punto de acuerdo por el cual se exhorta al Presidente de la Rep\u00fablica, Andr\u00e9s Manuel L\u00f3pez Obrador, a trav\u00e9s de la Secretar\u00eda de Salud, a efecto de [&hellip;]<\/p>\n","protected":false},"author":2,"featured_media":68643,"comment_status":"closed","ping_status":"closed","sticky":false,"template":"","format":"standard","meta":{"footnotes":""},"categories":[6],"tags":[],"class_list":["post-68642","post","type-post","status-publish","format-standard","has-post-thumbnail","hentry","category-congreso-del-estado"],"_links":{"self":[{"href":"https:\/\/radiowebmx.com\/nota\/wp-json\/wp\/v2\/posts\/68642","targetHints":{"allow":["GET"]}}],"collection":[{"href":"https:\/\/radiowebmx.com\/nota\/wp-json\/wp\/v2\/posts"}],"about":[{"href":"https:\/\/radiowebmx.com\/nota\/wp-json\/wp\/v2\/types\/post"}],"author":[{"embeddable":true,"href":"https:\/\/radiowebmx.com\/nota\/wp-json\/wp\/v2\/users\/2"}],"replies":[{"embeddable":true,"href":"https:\/\/radiowebmx.com\/nota\/wp-json\/wp\/v2\/comments?post=68642"}],"version-history":[{"count":2,"href":"https:\/\/radiowebmx.com\/nota\/wp-json\/wp\/v2\/posts\/68642\/revisions"}],"predecessor-version":[{"id":68645,"href":"https:\/\/radiowebmx.com\/nota\/wp-json\/wp\/v2\/posts\/68642\/revisions\/68645"}],"wp:featuredmedia":[{"embeddable":true,"href":"https:\/\/radiowebmx.com\/nota\/wp-json\/wp\/v2\/media\/68643"}],"wp:attachment":[{"href":"https:\/\/radiowebmx.com\/nota\/wp-json\/wp\/v2\/media?parent=68642"}],"wp:term":[{"taxonomy":"category","embeddable":true,"href":"https:\/\/radiowebmx.com\/nota\/wp-json\/wp\/v2\/categories?post=68642"},{"taxonomy":"post_tag","embeddable":true,"href":"https:\/\/radiowebmx.com\/nota\/wp-json\/wp\/v2\/tags?post=68642"}],"curies":[{"name":"wp","href":"https:\/\/api.w.org\/{rel}","templated":true}]}}