{"id":68639,"date":"2019-10-21T18:24:27","date_gmt":"2019-10-21T23:24:27","guid":{"rendered":"https:\/\/radiowebmx.com\/nota\/?p=68639"},"modified":"2019-10-21T18:24:27","modified_gmt":"2019-10-21T23:24:27","slug":"demanda-octavio-ocampo-a-la-federacion-garantizar-abasto-de-medicamentos-para-los-ninos-con-cancer","status":"publish","type":"post","link":"https:\/\/radiowebmx.com\/nota\/demanda-octavio-ocampo-a-la-federacion-garantizar-abasto-de-medicamentos-para-los-ninos-con-cancer\/","title":{"rendered":"Demanda Octavio Ocampo a la Federaci\u00f3n garantizar abasto de medicamentos para los ni\u00f1os con c\u00e1ncer"},"content":{"rendered":"<p>A que el Gobierno Federal garantice el abastecimiento de los medicamentos en los distintos hospitales de salud p\u00fablica para que puedan brindar atenci\u00f3n oportuna a los pacientes diagnosticados con c\u00e1ncer, exhort\u00f3 el diputado integrante de la LXXIV Legislatura en el Congreso del Estado, Octavio Ocampo C\u00f3rdova.<\/p>\n<p>Al razonar su voto a favor del Punto de Acuerdo, el cual fue avalado y por el que se exhorta al Presidente de la Rep\u00fablica, Andr\u00e9s Manuel L\u00f3pez Obrador, a trav\u00e9s de la Secretar\u00eda de Salud, a efecto de que las instituciones p\u00fablicas de salud con residencia en nuestra entidad federativa dedicadas a la atenci\u00f3n de ni\u00f1os con c\u00e1ncer, sean abastecidas con los medicamentos suficientes para atender la demanda existente, en virtud de la escasez que se ha presentado a lo largo de los \u00faltimos meses.<\/p>\n<p>Al hacer uso de la M\u00e1xima Tribuna del Estado, el legislador subray\u00f3 que el c\u00e1ncer se ha convertido en la tercera causa de muerte en M\u00e9xico, y la principal a nivel mundial, seg\u00fan datos oficiales \u00a0del INEGI en 2015, 8.8 millones de personas murieron por esta causa, adem\u00e1s se identificaron cinco tipos de c\u00e1ncer responsables del mayor n\u00famero de fallecimientos: c\u00e1ncer pulmonar, c\u00e1ncer hep\u00e1tico, c\u00e1ncer colorrectal, c\u00e1ncer g\u00e1strico y de mama.<\/p>\n<p>Octavio Ocampo demand\u00f3 dejar de lado la pol\u00edtica de excusas y pretextos, \u201cla salud no permite que las autoridades actuales sigan evadiendo la falta de capacidad y sensibilidad sobre este tipo de temas, a los ni\u00f1os y enfermos de c\u00e1ncer no les interesa lo que sucedi\u00f3, su preocupaci\u00f3n es luchar todos los d\u00edas por superar esta terrible enfermedad, seamos aliados de su lucha, tengamos conciencia de que la vida de ellos depende en gran medida de lo que el gobierno quiera hacer por ayudarlos. Pido se haga el esfuerzo por modificar esta situaci\u00f3n, pensemos en la ni\u00f1ez mexicana, que no se pierda la sensibilidad ante el sufrimiento ajeno\u201d.<\/p>\n<p>\u201cHoy esta enfermedad es un problema que no requiere medidas a medias o sin la seguridad de que se atienda como debe de ser, desafortunadas son la declaraciones de funcionarios del orden federal en materia de salud al decir que la situaci\u00f3n no es para mayores, solo aquellos que hemos vivido la lucha que tiene un enfermo de c\u00e1ncer por poder superar esta terrible enfermedad, sabemos las consecuencias tan devastadoras que es el estar en la incertidumbre de que alguien de nuestros familiares pueda ser afortunado en poder ganar esa batalla tan dura\u201d.<\/p>\n<p>Record\u00f3 que en d\u00edas pasados, los padres de familia de cientos de ni\u00f1as y ni\u00f1os con c\u00e1ncer se manifestaron en contra del desabasto de medicamento que existe en los diferentes hospitales, medicamento que no es cubierto por el seguro popular, lo cual no puede ser ignorado, y urge que se resuelva.<\/p>\n<p>\u201cNo podemos ignorar la realidad, hoy no hay medicamento suficiente, no se est\u00e1n abasteciendo los hospitales de manera adecuada, las Instituciones de salud p\u00fablica viven en la incertidumbre de que en cualquier momento el desabasto tenga consecuencias mortales en los enfermos de c\u00e1ncer, y peor a\u00fan, se emiten declaraciones que agravan m\u00e1s la situaci\u00f3n de preocupaci\u00f3n e incertidumbre ya que el Secretario de Salud Federal no garantiza el abasto ni el que las intuiciones de salud cuenten con lo suficiente para dar seguimiento a los tratamientos que se requieren y claro ejemplo es el que los anaqueles de los hospitales est\u00e1n vac\u00edos\u201d.<\/p>\n<p>Octavio Ocampo resalt\u00f3 que se percibe una total falta de inter\u00e9s y empat\u00eda, para con las personas que padecen esta terrible enfermedad como lo es el c\u00e1ncer, as\u00ed como para con sus familiares, por lo que demand\u00f3 a la federaci\u00f3n atender de manera oportuna la demanda de desabasto que se reporta en diversas entidades del pa\u00eds.<\/p>\n","protected":false},"excerpt":{"rendered":"<p>A que el Gobierno Federal garantice el abastecimiento de los medicamentos en los distintos hospitales de salud p\u00fablica para que puedan brindar atenci\u00f3n oportuna a los pacientes diagnosticados con c\u00e1ncer, exhort\u00f3 el diputado integrante de la LXXIV Legislatura en el Congreso del Estado, Octavio Ocampo C\u00f3rdova. Al razonar su voto a favor del Punto de [&hellip;]<\/p>\n","protected":false},"author":2,"featured_media":68640,"comment_status":"closed","ping_status":"closed","sticky":false,"template":"","format":"standard","meta":{"footnotes":""},"categories":[6],"tags":[],"class_list":["post-68639","post","type-post","status-publish","format-standard","has-post-thumbnail","hentry","category-congreso-del-estado"],"_links":{"self":[{"href":"https:\/\/radiowebmx.com\/nota\/wp-json\/wp\/v2\/posts\/68639","targetHints":{"allow":["GET"]}}],"collection":[{"href":"https:\/\/radiowebmx.com\/nota\/wp-json\/wp\/v2\/posts"}],"about":[{"href":"https:\/\/radiowebmx.com\/nota\/wp-json\/wp\/v2\/types\/post"}],"author":[{"embeddable":true,"href":"https:\/\/radiowebmx.com\/nota\/wp-json\/wp\/v2\/users\/2"}],"replies":[{"embeddable":true,"href":"https:\/\/radiowebmx.com\/nota\/wp-json\/wp\/v2\/comments?post=68639"}],"version-history":[{"count":1,"href":"https:\/\/radiowebmx.com\/nota\/wp-json\/wp\/v2\/posts\/68639\/revisions"}],"predecessor-version":[{"id":68641,"href":"https:\/\/radiowebmx.com\/nota\/wp-json\/wp\/v2\/posts\/68639\/revisions\/68641"}],"wp:featuredmedia":[{"embeddable":true,"href":"https:\/\/radiowebmx.com\/nota\/wp-json\/wp\/v2\/media\/68640"}],"wp:attachment":[{"href":"https:\/\/radiowebmx.com\/nota\/wp-json\/wp\/v2\/media?parent=68639"}],"wp:term":[{"taxonomy":"category","embeddable":true,"href":"https:\/\/radiowebmx.com\/nota\/wp-json\/wp\/v2\/categories?post=68639"},{"taxonomy":"post_tag","embeddable":true,"href":"https:\/\/radiowebmx.com\/nota\/wp-json\/wp\/v2\/tags?post=68639"}],"curies":[{"name":"wp","href":"https:\/\/api.w.org\/{rel}","templated":true}]}}