{"id":6863,"date":"2014-05-07T15:32:44","date_gmt":"2014-05-07T20:32:44","guid":{"rendered":"https:\/\/radiowebmx.com\/nota\/?p=6863"},"modified":"2014-05-07T15:32:44","modified_gmt":"2014-05-07T20:32:44","slug":"temas-de-cafe-135","status":"publish","type":"post","link":"https:\/\/radiowebmx.com\/nota\/temas-de-cafe-135\/","title":{"rendered":"TEMAS DE CAF\u00c9"},"content":{"rendered":"<ul>\n<li><a href=\"https:\/\/radiowebmx.com\/nota\/wp-content\/uploads\/2013\/06\/temas-de-cafe.jpg\"><img loading=\"lazy\" decoding=\"async\" class=\"alignleft size-full wp-image-2805\" alt=\"temas de cafe\" src=\"https:\/\/radiowebmx.com\/nota\/wp-content\/uploads\/2013\/06\/temas-de-cafe.jpg\" width=\"295\" height=\"171\" \/><\/a>LA REFORMA CONSTITUCIONAL<\/li>\n<li>EL MODELO ACTUAL, AGOTADO<\/li>\n<li>EL SECTOR AGUACATERO SUFRE<\/li>\n<li>LA CABALLADA NO ESTA FLACA<\/li>\n<\/ul>\n<p>El Gobierno presidido por Fausto Vallejo, intenta sentar un precedente en la administraci\u00f3n michoacana, ya que trabaja en un nuevo modelo\u00a0 constitucional, con el cual se permitir\u00e1 mayor participaci\u00f3n de la ciudadan\u00eda, en la toma de decisiones ya que el actual,\u00a0 favorece la carencia del Estado de Derecho, el choque entre poderes, la corrupci\u00f3n, impunidad porque no permite la aplicaci\u00f3n de los mecanismos de participaci\u00f3n ciudadana, con el nuevo modelo propuesto, se crear\u00e1 nueva constitucionalidad, porque se\u00a0 incentiva la colaboraci\u00f3n entre los poderes, evita el chantaje pol\u00edtico-electoral, concede certeza jur\u00eddica, reduce la corrupci\u00f3n e impunidad, motiva y\u00a0 permite la participaci\u00f3n y confianza ciudadana.<\/p>\n<p>EL DIAGNOSTICO DEL MODELO CONSTITUCIONAL ACTUAL<\/p>\n<p>El modelo constitucional actual es d\u00e9bil, tiene un mal manejo institucional que tal vez, fue novedoso y bueno hace varias d\u00e9cadas, pero ya no lo es en la actualidad, resulta obsoleto y Michoac\u00e1n necesita, insertarse en la modernidad constitucional, para ayudar a salir de nuestro atraso, porque no se cuenta actualmente con medios de control constitucional, por ello es disfuncional, fragmentado, no tiene coherencia constitucional, lo cual genera debilidad y no tiene poder para evitar un mal gobierno. Igual sucede en el marco institucional y procedimental.<\/p>\n<p>NOVEDADES EN EL MODELO CONSTITUCIONAL PROPUESTO<\/p>\n<p>En lo que respecta al poder Ejecutivo, tiene la iniciativa preferente, el veto parcial, reconducci\u00f3n presupuestal, refer\u00e9ndum, plebiscito y la participaci\u00f3n en la designaci\u00f3n de las magistrados del Supremo Tribunal de Justicia; en el Poder Legislativo propone la ratificaci\u00f3n del gabinete, consecuencias del veto de bolsillo, la reelecci\u00f3n legislativa, refer\u00e9ndum, plebiscito y la designaci\u00f3n de los organismos aut\u00f3nomos; el poder Judicial, tendr\u00e1 sala de control constitucional, conocer\u00e1 de controversias constitucionales, acciones de inconstitucionalidad, omisi\u00f3n legislativa, control previo y revisi\u00f3n de aplicaci\u00f3n de una ley.<\/p>\n<p>FACULTADES DE ORGANISMOS AUTONOMOS<\/p>\n<p>Ahora podr\u00e1n iniciar leyes, conocer de controversias constitucionales, acciones de inconstitucionalidad y omisi\u00f3n legislativa, se fortalecer\u00e1 su autonom\u00eda y tendr\u00e1 que informar anualmente al Congreso, mientras que los gobiernos municipales, tendr\u00e1n reelecci\u00f3n de presidentes municipales, regidores municipales y s\u00edndicos, adem\u00e1s de la reconducci\u00f3n presupuestal, mientras que el ciudadano se empoderar\u00e1\u00a0 con el refer\u00e9ndum,\u00a0 plebiscito, cabildo abierto, audiencias p\u00fablicas, consejos consultivos, gobierno abierto y plena libertad de expresi\u00f3n.<\/p>\n<p>MARCO ELECTORAL, TRANSPARENCIA Y RESPONSABILIDADES<\/p>\n<p>Dentro del marco electoral se contar\u00e1, en el nuevo modelo constitucional que se propondr\u00e1, con las candidaturas independientes, aumento del umbral de votos para conservar el registro, tope de diputados de un mismo partido en el congreso, habr\u00e1 nuevos calendarios electorales, se regir\u00e1 mejor la propaganda pol\u00edtica, as\u00ed como la integraci\u00f3n, designaci\u00f3n y remoci\u00f3n de los consejeros y magistrados electorales. En el marco de la transparencia se adecuar\u00e1, la reforma constitucional para organismos garantes de transparencia, y habr\u00e1 nuevo proceso para designar a los consejeros, adem\u00e1s se podr\u00e1n establecer responsabilidades, contra el gobernador y los principales servidores p\u00fablicos.<\/p>\n<p>SE AMPLIA LA PARTICIPACI\u00d3N CIUDADANA<\/p>\n<p>El Sistema Constitucional propuesto por la administraci\u00f3n de Fausto Vallejo, puede tener otras alternativas, pero sin duda representa\u00a0 un gran avance en la Constitucionalidad de Michoac\u00e1n, que seguramente redundar\u00e1 en mejores pr\u00e1cticas de buen gobierno, gobernabilidad y una m\u00e1s amplia participaci\u00f3n ciudadana, ahora bien se sabe que este modelo, tiene que superar varios desaf\u00edos, como su entendimiento, la voluntad para su aprobaci\u00f3n, desde luego la ley secundaria y un compromiso y voluntad para su implementaci\u00f3n, pero con este modelo se cambiar\u00e1\u00a0 radicalmente, la forma de gobernar ahora se har\u00e1 de la mano con la ciudadan\u00eda.<\/p>\n<p>2014 A\u00d1O DEL BICENTENARIO DE LA PROMULGACION DE LA CONSTITUCI\u00d3N DE APATZINGAN<\/p>\n<p>Ha sido publicado en el diario oficial de la Federaci\u00f3n, el decreto mediante el cual se designa a 2014, como A\u00f1o del Bicentenario de la Constituci\u00f3n de Apatzing\u00e1n, propuesta hecha el a\u00f1o pasado, por el diputado federal Salvador Ortiz, quien afirm\u00f3 sirve de marco para el inicio, de los festejos de esta promulgaci\u00f3n, realizada por el General\u00edsimo Morelos, afirm\u00f3 el diputado que este evento marca el inicio de la transici\u00f3n al M\u00e9xico de las leyes, las igualdades y garant\u00edas individuales.<\/p>\n<p>Record\u00f3 el diputado federal que los mexicanos de hoy, debemos reconocer la\u00a0 visi\u00f3n\u00a0 que tuvieron nuestros h\u00e9roes independentistas, y a seis meses de los festejos, urgi\u00f3 a los tres niveles de gobierno, a establecer programas con eventos culturales y de obras, que beneficien a la ciudadan\u00eda en general, record\u00f3 que en el 150 aniversario de la promulgaci\u00f3n de la Constituci\u00f3n de Apatzing\u00e1n, los actos fueron presididos por el presidente Adolfo L\u00f3pez Mateos, adem\u00e1s instaur\u00f3 un programa de obras tanto para el estado, como para Apatzing\u00e1n que le cambiaron el rostro a la ciudad.<\/p>\n<p>LA CABALLADA NO ESTA FLACA: ERNESTO NU\u00d1EZ<\/p>\n<p>Aunque reconoci\u00f3 el diputado federal Ernesto N\u00fa\u00f1ez, que a\u00fan no son tiempos propicios para hablar, de la sucesi\u00f3n en el gobierno del estado, reconoci\u00f3 que en esta ocasi\u00f3n, existen cuadros valiosos que buscan y merecen la candidatura al gobierno estatal,\u00a0 en este aspecto dijo que hoy ya se manejan abiertamente, tres personajes primero est\u00e1 el delegado de Sedesol, que solamente cumple a cabalidad con su responsabilidad, V\u00edctor Silva Tejeda, as\u00ed como el senador Chon Orihuela y desde luego, no se puede obviar a Wilfrido L\u00e1zaro Medina.<\/p>\n<p>LOS AGUACATEROS SUFREN LA DELINCUENCIA<\/p>\n<p>Beny Quesada pol\u00edtico\u00a0 panista ampliamente conocido en la entidad, dijo que los aguacateros del estado, sufren la delincuencia ya que no es cierto, que Michoac\u00e1n se encuentra en paz, puso ejemplos de secuestros de aguacateros en Perib\u00e1n y Tanc\u00edtaro, donde afirm\u00f3\u00a0 no se siente la seguridad de la cual habla, el comisionado Alfredo Castillo y el procurador Jes\u00fas Murillo Karam, esto lo dijo en el programa de radio, de Denise Maerker donde adem\u00e1s\u00a0 reconoci\u00f3, la participaci\u00f3n de la delincuencia en la designaci\u00f3n, de Sergio Roberto Guerrero en la Apeam.<\/p>\n<p>SILVANO, FIDEL Y EL PRD APOYAN A RAUL PRIETO<\/p>\n<p>Desde hace varias semanas Antorcha Campesina obstruye, el trabajo del presidente municipal de Charo, Ra\u00fal Prieto, por ello Mauricio su hermano convoc\u00f3 a los principales cuadros del PRD en la entidad, para que le ofrecieran su apoyo al presidente municipal de Charo, lo cual se hizo patente este lunes, a dicho acto acudieron m\u00e1s de 2 mil perredistas, encabezados por Silvano Aureoles Fidel Calder\u00f3n y Mauricio Prieto, que dirige al PRD en Charo y l\u00f3gicamente aspira, a la candidatura a diputado federal por Zit\u00e1cuaro. Antorcha evita la\u00a0 construcci\u00f3n de una unidad deportiva, entre otras obras de beneficio popular.<\/p>\n<p>CRISTINA PORTILLO, EXIGE MEJORES LEGISLADORES<\/p>\n<p>Siempre es bueno que una legisladora, exija a sus compa\u00f1eros en el Congreso mayor responsabilidad en su trabajo, Cristina Portillo presidenta de la comisi\u00f3n de equidad y g\u00e9nero, dijo que desde el a\u00f1o pasado,\u00a0 propuso una iniciativa para obligar a los diputados, a\u00a0 cumplirle a la ciudadan\u00eda con su compromiso contra\u00eddo, en las campa\u00f1as pol\u00edticas ya que afirm\u00f3, que la\u00a0 legislatura michoacana debe contar,\u00a0 con las herramientas de control necesarias, para que los ciudadanos tengan la certeza, del trabajo que realizan los legisladores, de su productividad y compromiso, ya que dijo los diputados deben predicar con el ejemplo,\u00a0 para poder exigir a los otros poderes el cumplimiento cabal de sus responsabilidades. Dijo que hay un reglamento que trata de este aspecto, pero no es suficiente.<\/p>\n<p>MADERO Y CORDERO INTENSIFICAN CAMPA\u00d1AS<\/p>\n<p>Se acerca el 18 de mayo como usted sabe, es el aniversario de la fundaci\u00f3n de Valladolid hoy Morelia, pero tambi\u00e9n es la elecci\u00f3n del pr\u00f3ximo dirigente nacional del PAN, Madero se separ\u00f3 de la direcci\u00f3n de este partido, para buscar su reelecci\u00f3n, mientras que Cordero tambi\u00e9n se separ\u00f3 del Senado, para buscar erigirse como dirigente nacional, y despu\u00e9s de varias semanas de proselitismo, entre los militantes panistas del pa\u00eds, este 18 se sabr\u00e1 qui\u00e9n de los dos gana la dirigencia, por este motivo ambos contendientes han intensificado sus campa\u00f1as, este proceso ha enfrentado a dos grupos del panismo michoacano.<\/p>\n<p>Como usted sabe bien\u00a0 uno es encabezado por Salvador Vega, Marko Cort\u00e9s y Miguel Angel Ch\u00e1vez y el otro, por Luisa Mar\u00eda Calder\u00f3n y sus amigos, entre quienes destacan Alfonso Mart\u00ednez y Antonio Plaza, quien es el coordinador de la campa\u00f1a, los panistas esperan que este proceso no divida m\u00e1s a los panistas michoacanos, para poder enfrentar el proceso electoral del a\u00f1o entrante con posibilidades de varios triunfos.<\/p>\n","protected":false},"excerpt":{"rendered":"<p>\u2022\tLA REFORMA CONSTITUCIONAL<br \/>\n\u2022\tEL MODELO ACTUAL, AGOTADO<br \/>\n\u2022\tEL SECTOR AGUACATERO SUFRE<br \/>\n\u2022\tLA CABALLADA NO ESTA FLACA<\/p>\n","protected":false},"author":1,"featured_media":0,"comment_status":"open","ping_status":"open","sticky":false,"template":"","format":"standard","meta":{"footnotes":""},"categories":[4,14,10],"tags":[],"class_list":["post-6863","post","type-post","status-publish","format-standard","hentry","category-columnistas","category-destacadas","category-juan-manuel-belmonte"],"_links":{"self":[{"href":"https:\/\/radiowebmx.com\/nota\/wp-json\/wp\/v2\/posts\/6863","targetHints":{"allow":["GET"]}}],"collection":[{"href":"https:\/\/radiowebmx.com\/nota\/wp-json\/wp\/v2\/posts"}],"about":[{"href":"https:\/\/radiowebmx.com\/nota\/wp-json\/wp\/v2\/types\/post"}],"author":[{"embeddable":true,"href":"https:\/\/radiowebmx.com\/nota\/wp-json\/wp\/v2\/users\/1"}],"replies":[{"embeddable":true,"href":"https:\/\/radiowebmx.com\/nota\/wp-json\/wp\/v2\/comments?post=6863"}],"version-history":[{"count":1,"href":"https:\/\/radiowebmx.com\/nota\/wp-json\/wp\/v2\/posts\/6863\/revisions"}],"predecessor-version":[{"id":6864,"href":"https:\/\/radiowebmx.com\/nota\/wp-json\/wp\/v2\/posts\/6863\/revisions\/6864"}],"wp:attachment":[{"href":"https:\/\/radiowebmx.com\/nota\/wp-json\/wp\/v2\/media?parent=6863"}],"wp:term":[{"taxonomy":"category","embeddable":true,"href":"https:\/\/radiowebmx.com\/nota\/wp-json\/wp\/v2\/categories?post=6863"},{"taxonomy":"post_tag","embeddable":true,"href":"https:\/\/radiowebmx.com\/nota\/wp-json\/wp\/v2\/tags?post=6863"}],"curies":[{"name":"wp","href":"https:\/\/api.w.org\/{rel}","templated":true}]}}