{"id":68623,"date":"2019-10-17T11:27:15","date_gmt":"2019-10-17T16:27:15","guid":{"rendered":"https:\/\/radiowebmx.com\/nota\/?p=68623"},"modified":"2019-10-17T11:27:15","modified_gmt":"2019-10-17T16:27:15","slug":"pensiones-alimenticias-en-concubinato-no-deben-ser-sujetas-a-la-discriminacion-legal-araceli-saucedo-reyes","status":"publish","type":"post","link":"https:\/\/radiowebmx.com\/nota\/pensiones-alimenticias-en-concubinato-no-deben-ser-sujetas-a-la-discriminacion-legal-araceli-saucedo-reyes\/","title":{"rendered":"Pensiones alimenticias en concubinato no deben ser sujetas a la discriminaci\u00f3n legal: Araceli Saucedo Reyes"},"content":{"rendered":"<ul>\n<li>La legisladora propone reformar el C\u00f3digo Familiar, para que en caso de pensiones alimenticias se d\u00e9 el mismo trato a concubinato que a matrimonio<\/li>\n<\/ul>\n<div>\nEs necesario acabar con la discriminaci\u00f3n que en materia de pensiones alimenticias existe para la figura del concubinato, subray\u00f3 la diputada Araceli Saucedo Reyes, coordinadora del Grupo Parlamentario del Partido de la Revoluci\u00f3n Democr\u00e1tica en la LXXIV Legislatura del Congreso del Estado.<\/p>\n<p>Por ello, la diputada por el Distrito de P\u00e1tzcuaro present\u00f3 este jueves, una propuesta para reformar el C\u00f3digo Familiar para el Estado de Michoac\u00e1n, con la idea que en el caso de las figuras de matrimonio y concubinato se d\u00e9 el mismo trato legal en materia de pensiones alimenticias.<\/p>\n<p>\u201cLa Suprema Corte de Justicia de la Naci\u00f3n, ha contribuido determinantemente respecto a la protecci\u00f3n de la universalidad de los derechos humanos, como la dignidad humana y la no discriminaci\u00f3n, actualmente la familia ha dado la salida a nuevas formas de organizar la sociedad y es donde nosotros debemos contribuir adecuando nuestra legislatura de acuerdo a lo que la sociedad nos va exigiendo\u201d.<\/p>\n<p>Asimismo record\u00f3 que con la transformaci\u00f3n de la familia en nuestra sociedad, se han formalizado derechos y obligaciones en los distintos tipos de familia, legalmente hablando, uno de ellos el concubinato.<\/p>\n<p>\u201cEs necesario y trascendente, analizar la constitucionalidad del art\u00edculo 312, segundo p\u00e1rrafo, del C\u00f3digo Familiar, art\u00edculo que limita la acci\u00f3n para reclamar alimentos al plazo de un a\u00f1o, lo cual considero genera una inconstitucionalidad respecto a la imprescriptibilidad de los alimentos\u201d.<\/p>\n<p>Araceli Saucedo Reyes explic\u00f3 que las parejas que fueron unidas en concubinato tienen los mismos fines del matrimonio, por lo que resulta improcedente que limitemos los derechos del concubinato, y m\u00e1s cuando de alimentos se trata, como medidas m\u00ednimas de protecci\u00f3n familiar.<\/p>\n<p>\u201cDebemos dejar atr\u00e1s, la idea de que es necesario formalizar jur\u00eddicamente los v\u00ednculos de convivencia familiar, ya que la continuidad de una convivencia de este tipo genera por si solos un conjunto de intereses personales y patrimoniales que hace indispensable la intervenci\u00f3n del derecho, sin menoscabo con la finalidad de evitar un desequilibrio o injusticia ante esta situaci\u00f3n\u201d.<\/p>\n<p>Es por ello, que surge la necesidad de legislar respecto a la materia, en virtud de evitar todo acto discriminatorio durante los procedimientos jurisdiccionales, cuando de divorcio o disoluci\u00f3n se trate, e independientemente de la figura que se trate, proporcionando una adecuada equivalencia.<\/p>\n<p>No olvidemos que las parejas que fueron unidas en concubinato tienen los mismos fines del matrimonio, por lo que resulta improcedente que limitemos los derechos del concubinato, y m\u00e1s cuando de alimentos se trata, como medidas m\u00ednimas de protecci\u00f3n familiar.<\/p>\n<p>Por ello, reiter\u00f3 que no se debe dejar pasar desapercibido que en las familias, los concubinos o los c\u00f3nyuges que siempre se dedicaron al cuidado y protecci\u00f3n del hogar, se van a encontrar en desventaja econ\u00f3mica, por haber dedicado su vida a dicha actividad y limitarse respecto al desarrollo de una actividad laboral que le deje como beneficio una retribuci\u00f3n econ\u00f3mica, por lo que nuestro derecho familiar, les debe garantizar una medida compensatoria.<\/p><\/div>\n","protected":false},"excerpt":{"rendered":"<p>La legisladora propone reformar el C\u00f3digo Familiar, para que en caso de pensiones alimenticias se d\u00e9 el mismo trato a concubinato que a matrimonio Es necesario acabar con la discriminaci\u00f3n que en materia de pensiones alimenticias existe para la figura del concubinato, subray\u00f3 la diputada Araceli Saucedo Reyes, coordinadora del Grupo Parlamentario del Partido de [&hellip;]<\/p>\n","protected":false},"author":2,"featured_media":68624,"comment_status":"closed","ping_status":"closed","sticky":false,"template":"","format":"standard","meta":{"footnotes":""},"categories":[6],"tags":[],"class_list":["post-68623","post","type-post","status-publish","format-standard","has-post-thumbnail","hentry","category-congreso-del-estado"],"_links":{"self":[{"href":"https:\/\/radiowebmx.com\/nota\/wp-json\/wp\/v2\/posts\/68623","targetHints":{"allow":["GET"]}}],"collection":[{"href":"https:\/\/radiowebmx.com\/nota\/wp-json\/wp\/v2\/posts"}],"about":[{"href":"https:\/\/radiowebmx.com\/nota\/wp-json\/wp\/v2\/types\/post"}],"author":[{"embeddable":true,"href":"https:\/\/radiowebmx.com\/nota\/wp-json\/wp\/v2\/users\/2"}],"replies":[{"embeddable":true,"href":"https:\/\/radiowebmx.com\/nota\/wp-json\/wp\/v2\/comments?post=68623"}],"version-history":[{"count":1,"href":"https:\/\/radiowebmx.com\/nota\/wp-json\/wp\/v2\/posts\/68623\/revisions"}],"predecessor-version":[{"id":68625,"href":"https:\/\/radiowebmx.com\/nota\/wp-json\/wp\/v2\/posts\/68623\/revisions\/68625"}],"wp:featuredmedia":[{"embeddable":true,"href":"https:\/\/radiowebmx.com\/nota\/wp-json\/wp\/v2\/media\/68624"}],"wp:attachment":[{"href":"https:\/\/radiowebmx.com\/nota\/wp-json\/wp\/v2\/media?parent=68623"}],"wp:term":[{"taxonomy":"category","embeddable":true,"href":"https:\/\/radiowebmx.com\/nota\/wp-json\/wp\/v2\/categories?post=68623"},{"taxonomy":"post_tag","embeddable":true,"href":"https:\/\/radiowebmx.com\/nota\/wp-json\/wp\/v2\/tags?post=68623"}],"curies":[{"name":"wp","href":"https:\/\/api.w.org\/{rel}","templated":true}]}}