{"id":6861,"date":"2014-05-07T15:31:41","date_gmt":"2014-05-07T20:31:41","guid":{"rendered":"https:\/\/radiowebmx.com\/nota\/?p=6861"},"modified":"2014-05-07T15:31:41","modified_gmt":"2014-05-07T20:31:41","slug":"celebra-enuf-99-anos-de-formar-maestros-comprometidos","status":"publish","type":"post","link":"https:\/\/radiowebmx.com\/nota\/celebra-enuf-99-anos-de-formar-maestros-comprometidos\/","title":{"rendered":"CELEBRA ENUF 99 A\u00d1OS DE FORMAR MAESTROS COMPROMETIDOS"},"content":{"rendered":"<p>La formaci\u00f3n de maestros de educaci\u00f3n primaria y especial con un alto compromiso social, ha sido el objetivo principal de la Escuela Normal Urbana Federal \u201cProfr. J. Jes\u00fas Romero Flores\u201d, se\u00f1al\u00f3 su director, Jos\u00e9 S\u00e1nchez Gaona, durante el acto central de celebraci\u00f3n del XCIX aniversario de esta instituci\u00f3n educativa.<\/p>\n<p><b>\u201c<\/b>Hoy cumplimos 99 a\u00f1os de fruct\u00edfera labor educativa y de cara a la pr\u00f3xima conmemoraci\u00f3n del centenario de la fundaci\u00f3n de nuestra instituci\u00f3n, mantenemos el reto de estar al d\u00eda, as\u00ed como de redimensionar, adecuar y transformar permanentemente nuestra labor educativa\u201d, dijo S\u00e1nchez Gaona.<\/p>\n<p>Fue en las instalaciones del centro educativo \u00a0 que se dieron cita estudiantes, profesores y funcionarios del gobierno para felicitar a toda la comunidad acad\u00e9mica, en donde adem\u00e1s se reconoci\u00f3 al personal con 25, 30 y 40 a\u00f1os de servicio.<\/p>\n<p>El director de la ENUF destac\u00f3 que la Escuela Normal Urbana Federal ha jugado un papel importante en el desarrollo del estado pues desde hace casi un siglo, cuando la fund\u00f3 el propio J. Jes\u00fas Romero Flores, en sus aulas se han formado m\u00faltiples generaciones de profesores normalistas.<\/p>\n<p>\u201cEstamos fortaleciendo la identidad normalista con actividades culturales, deportivas y art\u00edsticas, as\u00ed como con el desarrollo de conferencias y charlas que convocan a mejorar la formaci\u00f3n de los maestros y contribuyen al desarrollo de las inteligencias m\u00faltiples\u201d agreg\u00f3 S\u00e1nchez Gaona.<\/p>\n<p>Adem\u00e1s, inform\u00f3 que en lo que resta del a\u00f1o y en el marco de la pr\u00f3xima conmemoraci\u00f3n del centenario, se tiene como objetivo fortalecer la infraestructura del plantel, el uso de tecnolog\u00edas de la informaci\u00f3n y la formaci\u00f3n continua, para que los alumnos y docentes de la Escuela Normal est\u00e9n al d\u00eda con las innovaciones pedag\u00f3gicas. \u201cEste trabajo se enmarcar\u00e1 tambi\u00e9n en la conformaci\u00f3n de un patronato que recaude fondos para el mejoramiento de la instituci\u00f3n\u201d, dijo.<\/p>\n","protected":false},"excerpt":{"rendered":"<p>La formaci\u00f3n de maestros de educaci\u00f3n primaria y especial con un alto compromiso social, ha sido el objetivo principal de la Escuela Normal Urbana Federal \u201cProfr. J. Jes\u00fas Romero Flores\u201d, <\/p>\n","protected":false},"author":1,"featured_media":0,"comment_status":"open","ping_status":"open","sticky":false,"template":"","format":"standard","meta":{"footnotes":""},"categories":[3],"tags":[],"class_list":["post-6861","post","type-post","status-publish","format-standard","hentry","category-gobierno-del-estado-de-michoacan"],"_links":{"self":[{"href":"https:\/\/radiowebmx.com\/nota\/wp-json\/wp\/v2\/posts\/6861","targetHints":{"allow":["GET"]}}],"collection":[{"href":"https:\/\/radiowebmx.com\/nota\/wp-json\/wp\/v2\/posts"}],"about":[{"href":"https:\/\/radiowebmx.com\/nota\/wp-json\/wp\/v2\/types\/post"}],"author":[{"embeddable":true,"href":"https:\/\/radiowebmx.com\/nota\/wp-json\/wp\/v2\/users\/1"}],"replies":[{"embeddable":true,"href":"https:\/\/radiowebmx.com\/nota\/wp-json\/wp\/v2\/comments?post=6861"}],"version-history":[{"count":1,"href":"https:\/\/radiowebmx.com\/nota\/wp-json\/wp\/v2\/posts\/6861\/revisions"}],"predecessor-version":[{"id":6862,"href":"https:\/\/radiowebmx.com\/nota\/wp-json\/wp\/v2\/posts\/6861\/revisions\/6862"}],"wp:attachment":[{"href":"https:\/\/radiowebmx.com\/nota\/wp-json\/wp\/v2\/media?parent=6861"}],"wp:term":[{"taxonomy":"category","embeddable":true,"href":"https:\/\/radiowebmx.com\/nota\/wp-json\/wp\/v2\/categories?post=6861"},{"taxonomy":"post_tag","embeddable":true,"href":"https:\/\/radiowebmx.com\/nota\/wp-json\/wp\/v2\/tags?post=6861"}],"curies":[{"name":"wp","href":"https:\/\/api.w.org\/{rel}","templated":true}]}}