{"id":68608,"date":"2019-10-17T11:20:19","date_gmt":"2019-10-17T16:20:19","guid":{"rendered":"https:\/\/radiowebmx.com\/nota\/?p=68608"},"modified":"2019-10-17T11:20:19","modified_gmt":"2019-10-17T16:20:19","slug":"fortalece-dif-michoacan-atencion-alimentaria-en-el-estado","status":"publish","type":"post","link":"https:\/\/radiowebmx.com\/nota\/fortalece-dif-michoacan-atencion-alimentaria-en-el-estado\/","title":{"rendered":"Fortalece DIF Michoac\u00e1n atenci\u00f3n alimentaria en el Estado"},"content":{"rendered":"<p>En el marco del D\u00eda Mundial de la Alimentaci\u00f3n, el Sistema para el Desarrollo Integral de la Familia, DIF Michoac\u00e1n, realiz\u00f3 su primera entrega de Espacios de Alimentaci\u00f3n y Desayunos Calientes al municipio de Maravat\u00edo.<\/p>\n<p>Roc\u00edo Beamonte Romero, directora general del DIF Michoac\u00e1n, inform\u00f3 que a trav\u00e9s de la direcci\u00f3n de Atenci\u00f3n a Familias en Estado Vulnerable y Enlace Municipal (AFEVEM), la dependencia trabaja en diferentes programas que ayudan a la correcta y sana alimentaci\u00f3n, as\u00ed como la dotaci\u00f3n elementos de la canasta b\u00e1sica a la poblaci\u00f3n michoacana.<\/p>\n<p>Beamonte Romero, detall\u00f3 que estos programas ayudan a fortalecer la solidaridad en la lucha contra el hambre y la desnutrici\u00f3n.<\/p>\n<p>De esta manera, recalc\u00f3 que el equipo entregado, es gracias a la coordinaci\u00f3n de los gobiernos estatal y municipal, y de los comit\u00e9s, padres de familia y maestros que dicen \u201cs\u00ed\u201d a los programas asistenciales.<\/p>\n<p>\u201cEl beneficio principal es para las ni\u00f1as y los ni\u00f1os; una buena alimentaci\u00f3n es garant\u00eda de buena salud, y por ello, aprender\u00e1n y aprovechar\u00e1n al m\u00e1ximo lo que sus maestros les ense\u00f1en\u201d, puntualiz\u00f3 Beamonte Romero.<\/p>\n<p>En su participaci\u00f3n, Felisa Carrillo Hinojosa, presidenta del Sistema DIF municipal de Maravat\u00edo, agradeci\u00f3 el apoyo de reequipar los desayunadores que ser\u00e1n de gran beneficio para la educaci\u00f3n de las ni\u00f1as y ni\u00f1os que acuden a estos espacios.<\/p>\n","protected":false},"excerpt":{"rendered":"<p>En el marco del D\u00eda Mundial de la Alimentaci\u00f3n, el Sistema para el Desarrollo Integral de la Familia, DIF Michoac\u00e1n, realiz\u00f3 su primera entrega de Espacios de Alimentaci\u00f3n y Desayunos Calientes al municipio de Maravat\u00edo. Roc\u00edo Beamonte Romero, directora general del DIF Michoac\u00e1n, inform\u00f3 que a trav\u00e9s de la direcci\u00f3n de Atenci\u00f3n a Familias en [&hellip;]<\/p>\n","protected":false},"author":2,"featured_media":68609,"comment_status":"closed","ping_status":"closed","sticky":false,"template":"","format":"standard","meta":{"footnotes":""},"categories":[6],"tags":[],"class_list":["post-68608","post","type-post","status-publish","format-standard","has-post-thumbnail","hentry","category-congreso-del-estado"],"_links":{"self":[{"href":"https:\/\/radiowebmx.com\/nota\/wp-json\/wp\/v2\/posts\/68608","targetHints":{"allow":["GET"]}}],"collection":[{"href":"https:\/\/radiowebmx.com\/nota\/wp-json\/wp\/v2\/posts"}],"about":[{"href":"https:\/\/radiowebmx.com\/nota\/wp-json\/wp\/v2\/types\/post"}],"author":[{"embeddable":true,"href":"https:\/\/radiowebmx.com\/nota\/wp-json\/wp\/v2\/users\/2"}],"replies":[{"embeddable":true,"href":"https:\/\/radiowebmx.com\/nota\/wp-json\/wp\/v2\/comments?post=68608"}],"version-history":[{"count":1,"href":"https:\/\/radiowebmx.com\/nota\/wp-json\/wp\/v2\/posts\/68608\/revisions"}],"predecessor-version":[{"id":68610,"href":"https:\/\/radiowebmx.com\/nota\/wp-json\/wp\/v2\/posts\/68608\/revisions\/68610"}],"wp:featuredmedia":[{"embeddable":true,"href":"https:\/\/radiowebmx.com\/nota\/wp-json\/wp\/v2\/media\/68609"}],"wp:attachment":[{"href":"https:\/\/radiowebmx.com\/nota\/wp-json\/wp\/v2\/media?parent=68608"}],"wp:term":[{"taxonomy":"category","embeddable":true,"href":"https:\/\/radiowebmx.com\/nota\/wp-json\/wp\/v2\/categories?post=68608"},{"taxonomy":"post_tag","embeddable":true,"href":"https:\/\/radiowebmx.com\/nota\/wp-json\/wp\/v2\/tags?post=68608"}],"curies":[{"name":"wp","href":"https:\/\/api.w.org\/{rel}","templated":true}]}}