{"id":68605,"date":"2019-10-17T11:19:08","date_gmt":"2019-10-17T16:19:08","guid":{"rendered":"https:\/\/radiowebmx.com\/nota\/?p=68605"},"modified":"2019-10-17T11:19:08","modified_gmt":"2019-10-17T16:19:08","slug":"debemos-fortalecer-la-solidaridad-en-la-lucha-contra-el-hambre-lucila-martinez","status":"publish","type":"post","link":"https:\/\/radiowebmx.com\/nota\/debemos-fortalecer-la-solidaridad-en-la-lucha-contra-el-hambre-lucila-martinez\/","title":{"rendered":"Debemos fortalecer la solidaridad en la lucha contra el hambre: Lucila Mart\u00ednez"},"content":{"rendered":"<ul>\n<li>La diputada recuerda que este mi\u00e9rcoles se conmemora el D\u00eda Mundial de la Alimentaci\u00f3n<\/li>\n<\/ul>\n<div>\n<p>Es necesario fortalecer la solidaridad en la lucha contra el hambre, ya que m\u00e1s de 800 millones de personas padecen hambre en el mundo, subray\u00f3 la diputada Lucila Mart\u00ednez Manr\u00edquez, integrante de la LXXIV Legislatura del Congreso del Estado.<\/p>\n<p>Al conmemorarse este 16 de octubre el D\u00eda Mundial de la Alimentaci\u00f3n, la legisladora record\u00f3 que la Organizaci\u00f3n de las Naciones Unidas para la Alimentaci\u00f3n y la Agricultura marca\u00a0el d\u00eda en el que se fund\u00f3 la organizaci\u00f3n en 1945.<\/p>\n<p>Destac\u00f3 que esta fecha permite reflexionar sobre la importancia que toda la poblaci\u00f3n tenga acceso a los alimentos, mejorando sus pr\u00e1cticas ya que no s\u00f3lo se trata que los alimentos sean suficientes para su desarrollo, sino que adem\u00e1s sean de buena calidad para llevar una vida activa y saludable.<\/p>\n<p>La legisladora record\u00f3 que el hambre es una de las caras de la pobreza, y en el caso de M\u00e9xico el INEGI reporta que en el \u00faltimo lustro se registraron 7.5 mil defunciones anuales por desnutrici\u00f3n.<\/p>\n<p>\u201cTambi\u00e9n la obesidad es otro ejemplo claro de una alimentaci\u00f3n deficiente, situaci\u00f3n que en M\u00e9xico resulta muy grave si tomamos en cuenta que el 73 por ciento de los adultos y 35 por ciento de los ni\u00f1os la padecen\u201d.<\/p>\n<p>Lucila\u00a0Mart\u00ednez Manr\u00edquez agreg\u00f3 que la problem\u00e1tica es tan grave que, la Secretar\u00eda de Salud federal reportaba en 2018, la atenci\u00f3n diaria 15 casos de personas con desnutrici\u00f3n cr\u00f3nica, lo que evidencia el grado de gravedad sobre el cual a\u00fan se hace necesaria una gran labor.<\/p>\n<p>Asimismo cit\u00f3 los datos del Banco Mundial que reporta que 75 millones de personas en Am\u00e9rica Latina y el Caribe a\u00fan viven en pobreza extrema, la mitad de ellas en Brasil y M\u00e9xico, en donde el 60 por ciento de las personas con hambre son mujeres.<\/p>\n<p>Por ello la legisladora consider\u00f3 que deben redoblarse los esfuerzos para que la alimentaci\u00f3n sea una realidad en M\u00e9xico, tomando en cuenta que \u00e9sta implica una correcta y saludable ingesta de alimentos.<\/p><\/div>\n","protected":false},"excerpt":{"rendered":"<p>La diputada recuerda que este mi\u00e9rcoles se conmemora el D\u00eda Mundial de la Alimentaci\u00f3n Es necesario fortalecer la solidaridad en la lucha contra el hambre, ya que m\u00e1s de 800 millones de personas padecen hambre en el mundo, subray\u00f3 la diputada Lucila Mart\u00ednez Manr\u00edquez, integrante de la LXXIV Legislatura del Congreso del Estado. Al conmemorarse [&hellip;]<\/p>\n","protected":false},"author":2,"featured_media":68606,"comment_status":"closed","ping_status":"closed","sticky":false,"template":"","format":"standard","meta":{"footnotes":""},"categories":[6],"tags":[],"class_list":["post-68605","post","type-post","status-publish","format-standard","has-post-thumbnail","hentry","category-congreso-del-estado"],"_links":{"self":[{"href":"https:\/\/radiowebmx.com\/nota\/wp-json\/wp\/v2\/posts\/68605","targetHints":{"allow":["GET"]}}],"collection":[{"href":"https:\/\/radiowebmx.com\/nota\/wp-json\/wp\/v2\/posts"}],"about":[{"href":"https:\/\/radiowebmx.com\/nota\/wp-json\/wp\/v2\/types\/post"}],"author":[{"embeddable":true,"href":"https:\/\/radiowebmx.com\/nota\/wp-json\/wp\/v2\/users\/2"}],"replies":[{"embeddable":true,"href":"https:\/\/radiowebmx.com\/nota\/wp-json\/wp\/v2\/comments?post=68605"}],"version-history":[{"count":1,"href":"https:\/\/radiowebmx.com\/nota\/wp-json\/wp\/v2\/posts\/68605\/revisions"}],"predecessor-version":[{"id":68607,"href":"https:\/\/radiowebmx.com\/nota\/wp-json\/wp\/v2\/posts\/68605\/revisions\/68607"}],"wp:featuredmedia":[{"embeddable":true,"href":"https:\/\/radiowebmx.com\/nota\/wp-json\/wp\/v2\/media\/68606"}],"wp:attachment":[{"href":"https:\/\/radiowebmx.com\/nota\/wp-json\/wp\/v2\/media?parent=68605"}],"wp:term":[{"taxonomy":"category","embeddable":true,"href":"https:\/\/radiowebmx.com\/nota\/wp-json\/wp\/v2\/categories?post=68605"},{"taxonomy":"post_tag","embeddable":true,"href":"https:\/\/radiowebmx.com\/nota\/wp-json\/wp\/v2\/tags?post=68605"}],"curies":[{"name":"wp","href":"https:\/\/api.w.org\/{rel}","templated":true}]}}