{"id":68547,"date":"2019-10-15T19:34:51","date_gmt":"2019-10-16T00:34:51","guid":{"rendered":"https:\/\/radiowebmx.com\/nota\/?p=68547"},"modified":"2019-10-15T19:34:51","modified_gmt":"2019-10-16T00:34:51","slug":"michoacan-paga-con-sangre-obcecacion-de-una-politica-federal-que-no-esta-dando-resultados-araceli-saucedo","status":"publish","type":"post","link":"https:\/\/radiowebmx.com\/nota\/michoacan-paga-con-sangre-obcecacion-de-una-politica-federal-que-no-esta-dando-resultados-araceli-saucedo\/","title":{"rendered":"Michoac\u00e1n paga con sangre, obcecaci\u00f3n de una pol\u00edtica federal que no est\u00e1 dando resultados: Araceli Saucedo"},"content":{"rendered":"<ul>\n<li>La violencia se ha recrudecido en el pa\u00eds y 2019 se ha coronado como el a\u00f1o m\u00e1s violento de la historia nacional<\/li>\n<\/ul>\n<div>\n<p>Michoac\u00e1n paga con sangre la obcecaci\u00f3n de una pol\u00edtica federal que no est\u00e1 dando resultados, y que debilita la fuerza del Estado Mexicano frente al accionar criminal y que pone en estado de zozobra e incertidumbre a la poblaci\u00f3n, subray\u00f3 la diputada Araceli Saucedo Reyes, coordinadora del Grupo Parlamentario del Partido de la Revoluci\u00f3n Democr\u00e1tica en la LXXIV Legislatura del Congreso del Estado.<\/p>\n<p>La diputada por el Distrito de P\u00e1tzcuaro se doli\u00f3 que este martes, 13 \u00a0familias tengan que llorar la p\u00e9rdida de sus seres queridos, quienes cayeron en el cumplimiento de su deber en el municipio de Aguililla, en un artero ataque de fuerzas delictivas.<\/p>\n<p>\u201cLa violencia se ha recrudecido en el pa\u00eds y este 2019 se ha coronado como el a\u00f1o m\u00e1s violento de la historia nacional, en donde estados como Michoac\u00e1n sufren en carne propia los desatinos de una pol\u00edtica federal que lejos de generar alg\u00fan resultado, han agravado el problema\u201d.<\/p>\n<p>Apunt\u00f3 que tan s\u00f3lo en un a\u00f1o la falta de efectividad gubernamental federal contra la criminalidad ha hecho crecer de manera gravosa el problema en el pa\u00eds, tanto que las capacidades estatales llegan a verse rebasadas por esta gran bola de nieve federal que d\u00eda a d\u00eda se incrementa y que propicia situaciones como la ocurrida en el Aguaje, en el municipio de Aguililla.<\/p>\n<p>\u201cTras lo ocurrido, resulta lastimoso escuchar la explicaci\u00f3n desde la Secretar\u00eda de Gobernaci\u00f3n, acerca de que este terrible episodio es uno m\u00e1s, de los que diariamente se dan en el pa\u00eds, cuando en Michoac\u00e1n como en el resto de los estados de la Rep\u00fablica lo que estamos esperando el apoyo decidido de la federaci\u00f3n, por lo que estamos exigiendo su actuar efectivo y acciones concretas, aunque no hay respuestas claras\u201d.<\/p>\n<p>Araceli Saucedo recalc\u00f3 que los problemas no se combaten normaliz\u00e1ndolos o pretendiendo negar su gravedad, por lo que tras lo ocurrido en Aguililla, se espera que la federaci\u00f3n salga de su nube electoral y empiece a ejercer sus funciones como autoridad, apoyando y coordin\u00e1ndose con los estados que como Michoac\u00e1n, han asumido firmemente su compromiso de combate a la delincuencia.<\/p><\/div>\n","protected":false},"excerpt":{"rendered":"<p>La violencia se ha recrudecido en el pa\u00eds y 2019 se ha coronado como el a\u00f1o m\u00e1s violento de la historia nacional Michoac\u00e1n paga con sangre la obcecaci\u00f3n de una pol\u00edtica federal que no est\u00e1 dando resultados, y que debilita la fuerza del Estado Mexicano frente al accionar criminal y que pone en estado de [&hellip;]<\/p>\n","protected":false},"author":2,"featured_media":68548,"comment_status":"closed","ping_status":"closed","sticky":false,"template":"","format":"standard","meta":{"footnotes":""},"categories":[6],"tags":[],"class_list":["post-68547","post","type-post","status-publish","format-standard","has-post-thumbnail","hentry","category-congreso-del-estado"],"_links":{"self":[{"href":"https:\/\/radiowebmx.com\/nota\/wp-json\/wp\/v2\/posts\/68547","targetHints":{"allow":["GET"]}}],"collection":[{"href":"https:\/\/radiowebmx.com\/nota\/wp-json\/wp\/v2\/posts"}],"about":[{"href":"https:\/\/radiowebmx.com\/nota\/wp-json\/wp\/v2\/types\/post"}],"author":[{"embeddable":true,"href":"https:\/\/radiowebmx.com\/nota\/wp-json\/wp\/v2\/users\/2"}],"replies":[{"embeddable":true,"href":"https:\/\/radiowebmx.com\/nota\/wp-json\/wp\/v2\/comments?post=68547"}],"version-history":[{"count":1,"href":"https:\/\/radiowebmx.com\/nota\/wp-json\/wp\/v2\/posts\/68547\/revisions"}],"predecessor-version":[{"id":68549,"href":"https:\/\/radiowebmx.com\/nota\/wp-json\/wp\/v2\/posts\/68547\/revisions\/68549"}],"wp:featuredmedia":[{"embeddable":true,"href":"https:\/\/radiowebmx.com\/nota\/wp-json\/wp\/v2\/media\/68548"}],"wp:attachment":[{"href":"https:\/\/radiowebmx.com\/nota\/wp-json\/wp\/v2\/media?parent=68547"}],"wp:term":[{"taxonomy":"category","embeddable":true,"href":"https:\/\/radiowebmx.com\/nota\/wp-json\/wp\/v2\/categories?post=68547"},{"taxonomy":"post_tag","embeddable":true,"href":"https:\/\/radiowebmx.com\/nota\/wp-json\/wp\/v2\/tags?post=68547"}],"curies":[{"name":"wp","href":"https:\/\/api.w.org\/{rel}","templated":true}]}}