{"id":68507,"date":"2019-10-14T19:48:09","date_gmt":"2019-10-15T00:48:09","guid":{"rendered":"https:\/\/radiowebmx.com\/nota\/?p=68507"},"modified":"2019-10-14T19:48:09","modified_gmt":"2019-10-15T00:48:09","slug":"el-festival-somos-bajio-llego-a-morelia-2","status":"publish","type":"post","link":"https:\/\/radiowebmx.com\/nota\/el-festival-somos-bajio-llego-a-morelia-2\/","title":{"rendered":"El Festival Somos Baj\u00edo lleg\u00f3 a Morelia"},"content":{"rendered":"<p>Por primera vez en Morelia lleg\u00f3 el Festival Somos Baj\u00edo, con la presencia de 13 municipios que dieron muestra de su riqueza art\u00edstica, en la Casa de la Cultura de Morelia.<\/p>\n<p>Organizado por la Red Regional de Cultura Baj\u00edo II, con el respaldo de la Secretar\u00eda de Cultura de Michoac\u00e1n (Secum), el evento se inaugur\u00f3 con la exposici\u00f3n colectiva &#8220;El Baj\u00edo y su obra Pl\u00e1stica&#8221;, con obra de reconocidos artistas visuales como Rodrigo Pimentel, Florentino Ibarra y el ganador del Premios Er\u00e9ndira, Arturo Estrada.<\/p>\n<p>As\u00ed mismo, el Ballet Folkl\u00f3rico Internacional de Yur\u00e9cuaro, se hizo presente en el escenario, agrupaci\u00f3n que se ha presentado en cuatro de los cinco continentes, representando a Michoac\u00e1n.<\/p>\n<p>Para cerrar con broche de oro el Mariachi Juvenil \u201cAlegr\u00eda de mi tierra\u201d, de Ecuandureo y el solista Marco Islas, procedente de La Piedad, animaron y llenaron de m\u00fasica a los asistentes.<\/p>\n<p>La Casa de la Cultura de Morelia continuar\u00e1 con actividades del Festival &#8220;Somos Baj\u00edo&#8221; hasta el 12 de Octubre de 10 de la ma\u00f1ana a 4 de la tarde, con una entrada libre al p\u00fablico y una extensa cartelera de actividades art\u00edsticas y culturales.<\/p>\n","protected":false},"excerpt":{"rendered":"<p>Por primera vez en Morelia lleg\u00f3 el Festival Somos Baj\u00edo, con la presencia de 13 municipios que dieron muestra de su riqueza art\u00edstica, en la Casa de la Cultura de Morelia. Organizado por la Red Regional de Cultura Baj\u00edo II, con el respaldo de la Secretar\u00eda de Cultura de Michoac\u00e1n (Secum), el evento se inaugur\u00f3 [&hellip;]<\/p>\n","protected":false},"author":2,"featured_media":68508,"comment_status":"closed","ping_status":"closed","sticky":false,"template":"","format":"standard","meta":{"footnotes":""},"categories":[9],"tags":[],"class_list":["post-68507","post","type-post","status-publish","format-standard","has-post-thumbnail","hentry","category-morelia"],"_links":{"self":[{"href":"https:\/\/radiowebmx.com\/nota\/wp-json\/wp\/v2\/posts\/68507","targetHints":{"allow":["GET"]}}],"collection":[{"href":"https:\/\/radiowebmx.com\/nota\/wp-json\/wp\/v2\/posts"}],"about":[{"href":"https:\/\/radiowebmx.com\/nota\/wp-json\/wp\/v2\/types\/post"}],"author":[{"embeddable":true,"href":"https:\/\/radiowebmx.com\/nota\/wp-json\/wp\/v2\/users\/2"}],"replies":[{"embeddable":true,"href":"https:\/\/radiowebmx.com\/nota\/wp-json\/wp\/v2\/comments?post=68507"}],"version-history":[{"count":2,"href":"https:\/\/radiowebmx.com\/nota\/wp-json\/wp\/v2\/posts\/68507\/revisions"}],"predecessor-version":[{"id":68510,"href":"https:\/\/radiowebmx.com\/nota\/wp-json\/wp\/v2\/posts\/68507\/revisions\/68510"}],"wp:featuredmedia":[{"embeddable":true,"href":"https:\/\/radiowebmx.com\/nota\/wp-json\/wp\/v2\/media\/68508"}],"wp:attachment":[{"href":"https:\/\/radiowebmx.com\/nota\/wp-json\/wp\/v2\/media?parent=68507"}],"wp:term":[{"taxonomy":"category","embeddable":true,"href":"https:\/\/radiowebmx.com\/nota\/wp-json\/wp\/v2\/categories?post=68507"},{"taxonomy":"post_tag","embeddable":true,"href":"https:\/\/radiowebmx.com\/nota\/wp-json\/wp\/v2\/tags?post=68507"}],"curies":[{"name":"wp","href":"https:\/\/api.w.org\/{rel}","templated":true}]}}